{"id":22178,"date":"2017-09-03T22:37:54","date_gmt":"2017-09-04T03:37:54","guid":{"rendered":"http:\/\/www.revistazetta.com\/?p=22178"},"modified":"2017-09-03T22:47:58","modified_gmt":"2017-09-04T03:47:58","slug":"no-olvide-comienza-nueva-rotacion-pico-placa","status":"publish","type":"post","link":"https:\/\/revistazetta.com\/?p=22178","title":{"rendered":"No olvide que comienza nueva rotaci\u00f3n de pico y placa"},"content":{"rendered":"<p>Desde este lunes 4 de septiembre de 2017 hasta el 2 de diciembre de 2017, rige la nueva rotaci\u00f3n del Decreto 1328 de 2016, o pico y placa para veh\u00edculos particulares, al igual que el decreto 0017 de 2017 de servicio p\u00fablico individual o taxi.<\/p>\n<p>El decreto para veh\u00edculos particulares establece una rotaci\u00f3n trimestral en lo concerniente a los d\u00edgitos de las placas.<\/p>\n<p>Durante este nuevo trimestre la rotaci\u00f3n quedar\u00e1 as\u00ed :<\/p>\n<p>Lunes: 9 &#8211; 0<\/p>\n<p>Martes: 1 &#8211; 2<\/p>\n<p>Mi\u00e9rcoles: 3 &#8211; 4<\/p>\n<p>Jueves: 5 &#8211; 6<\/p>\n<p>Viernes: 7 &#8211; 8<\/p>\n<p><strong><u>Para taxis<\/u><\/strong><\/p>\n<p>El decreto 0017 de 2017, que determina medidas temporales para el ordenamiento vehicular en las v\u00edas, respecto a la circulaci\u00f3n de veh\u00edculos tipo taxis tambi\u00e9n rota cada mes.<\/p>\n<p>El pico y placa para taxis rige de lunes a viernes desde las 6 a.m. hasta las 6 a.m. del d\u00eda siguiente y rotar\u00e1 en d\u00edgitos de placas cada mes.<\/p>\n<p>DESDE EL 4 HASTA EL 29 DE SEPTIEMBRE DE 2017<\/p>\n<table width=\"534\">\n<tbody>\n<tr>\n<td colspan=\"5\">\u00a0\u00a0\u00a0\u00a0\u00a0\u00a0\u00a0\u00a0\u00a0\u00a0\u00a0\u00a0\u00a0\u00a0\u00a0\u00a0\u00a0\u00a0\u00a0\u00a0\u00a0\u00a0\u00a0\u00a0\u00a0\u00a0\u00a0\u00a0\u00a0\u00a0\u00a0\u00a0 DIAS DE LA SEMANA<\/td>\n<\/tr>\n<tr>\n<td>LUNES<\/td>\n<td>MARTES<\/td>\n<td>MIERCOLES<\/td>\n<td>JUEVES<\/td>\n<td>VIERNES<\/td>\n<\/tr>\n<tr>\n<td>\u00a0 3 &#8211; 4<\/td>\n<td>\u00a0\u00a0\u00a0 \u00a05 &#8211; 6<\/td>\n<td>\u00a0\u00a0\u00a0 \u00a0\u00a07 &#8211; 8<\/td>\n<td>\u00a0\u00a0\u00a0 9 &#8211; 0<\/td>\n<td>\u00a0\u00a0\u00a0 1 -2<\/td>\n<\/tr>\n<\/tbody>\n<\/table>\n<p><strong><u>Sanciones:<\/u><\/strong><\/p>\n<p>Ser\u00e1 sancionado con multa equivalente a 15 salarios m\u00ednimos legales diarios vigentes el conductor y\/o propietario de veh\u00edculo automotor que transite en d\u00edas prohibidos, adem\u00e1s el veh\u00edculo ser\u00e1 inmovilizado.<\/p>\n","protected":false},"excerpt":{"rendered":"<p>Desde este lunes 4 de septiembre de 2017 hasta el 2 de diciembre de 2017, rige la nueva rotaci\u00f3n del Decreto 1328 de 2016, o pico y placa para veh\u00edculos particulares, al igual que el decreto 0017 de 2017 de servicio p\u00fablico individual o taxi. El decreto para veh\u00edculos particulares establece una rotaci\u00f3n trimestral en lo concerniente a los d\u00edgitos de las placas. Durante este nuevo trimestre la rotaci\u00f3n quedar\u00e1 as\u00ed : Lunes: 9 &#8211; 0 Martes: 1 &#8211; 2 Mi\u00e9rcoles: 3 &#8211; 4 Jueves: 5 &#8211; 6 Viernes: 7&#8230; <\/p>\n","protected":false},"author":3,"featured_media":22179,"comment_status":"open","ping_status":"closed","sticky":false,"template":"","format":"standard","meta":{"footnotes":"","_links_to":"","_links_to_target":""},"categories":[32,86,75],"tags":[],"class_list":["post-22178","post","type-post","status-publish","format-standard","has-post-thumbnail","hentry","category-actualidad-distrito","category-comunidad","category-destacada"],"_links":{"self":[{"href":"https:\/\/revistazetta.com\/index.php?rest_route=\/wp\/v2\/posts\/22178","targetHints":{"allow":["GET"]}}],"collection":[{"href":"https:\/\/revistazetta.com\/index.php?rest_route=\/wp\/v2\/posts"}],"about":[{"href":"https:\/\/revistazetta.com\/index.php?rest_route=\/wp\/v2\/types\/post"}],"author":[{"embeddable":true,"href":"https:\/\/revistazetta.com\/index.php?rest_route=\/wp\/v2\/users\/3"}],"replies":[{"embeddable":true,"href":"https:\/\/revistazetta.com\/index.php?rest_route=%2Fwp%2Fv2%2Fcomments&post=22178"}],"version-history":[{"count":0,"href":"https:\/\/revistazetta.com\/index.php?rest_route=\/wp\/v2\/posts\/22178\/revisions"}],"wp:featuredmedia":[{"embeddable":true,"href":"https:\/\/revistazetta.com\/index.php?rest_route=\/wp\/v2\/media\/22179"}],"wp:attachment":[{"href":"https:\/\/revistazetta.com\/index.php?rest_route=%2Fwp%2Fv2%2Fmedia&parent=22178"}],"wp:term":[{"taxonomy":"category","embeddable":true,"href":"https:\/\/revistazetta.com\/index.php?rest_route=%2Fwp%2Fv2%2Fcategories&post=22178"},{"taxonomy":"post_tag","embeddable":true,"href":"https:\/\/revistazetta.com\/index.php?rest_route=%2Fwp%2Fv2%2Ftags&post=22178"}],"curies":[{"name":"wp","href":"https:\/\/api.w.org\/{rel}","templated":true}]}}