{"id":22180,"date":"2017-09-03T22:43:39","date_gmt":"2017-09-04T03:43:39","guid":{"rendered":"http:\/\/www.revistazetta.com\/?p=22180"},"modified":"2017-09-03T22:47:33","modified_gmt":"2017-09-04T03:47:33","slug":"revision-detalle-visita-francisco","status":"publish","type":"post","link":"https:\/\/revistazetta.com\/?p=22180","title":{"rendered":"Revisi\u00f3n a cada detalle para visita de Francisco"},"content":{"rendered":"<p>Con la presencia de monse\u00f1or Fabio Suesc\u00fan, obispo castrense; el nuncio apost\u00f3lico de Colombia Ettore Balestrero, representantes de la Iglesia, el alcalde encargado de Cartagena, Sergio Londo\u00f1o Zurek, y funcionarios de las distintas entidades y organismos encargados de la log\u00edstica para la visita del papa Francisco, se realiz\u00f3 una reuni\u00f3n con el fin de conocer en detalle c\u00f3mo se encuentra todo para la llegada y estad\u00eda del santo padre en la ciudad este 10 de septiembre.<\/p>\n<p>Durante el encuentro, que comenz\u00f3 con una oraci\u00f3n especial por esta visita, se detall\u00f3 una a una las actividades que realizar\u00e1 el papa Francisco en la ciudad, con el fin de confirmar y dejar lista la agenda de trabajo de ese domingo.<\/p>\n<p>Cumplido este primer paso, se pas\u00f3 a la reuni\u00f3n de las comisiones e lirurgia, Producci\u00f3n, Seguridad y Protocolo y Salud, para ultimar algunos detalles, y de esta forma dejar todo listo para este gran d\u00eda para el pueblo cat\u00f3lico de Cartagena.<\/p>\n<p>Monse\u00f1or Fabio Suesc\u00fan dijo que lleg\u00f3 a la ciudad con la avanzada del Vaticano, compuesta por 14 personas entre gendarmes y guardias suizos, los encargados de aprobar de aprobar el programa de los lugares donde estar\u00e1 el santo padre.<\/p>\n<p>\u201cEstamos convencidos que nada le quedar\u00e1 grande a Cartagena, que ya tiene una preparaci\u00f3n, no solamente la de recientes acontecimientos sino de la estructura maravillosa que tiene la ciudad\u201d.<\/p>\n<p>El obispo Suesc\u00fan dijo que tambi\u00e9n visitaron Contecar, sitio de mayor conglomeraci\u00f3n de gente, sea positiva y que se tenga el visto bueno para que Cartagena, sus habitantes y visitantes se sientas felices con la personal, la palabra y testimonio del santo padre Francisco.<\/p>\n<p>\u201cComo pastor, de coraz\u00f3n les digo que la visita del papa no es un espect\u00e1culo donde vamos a ver como si se tratara de una s\u00faper estrella y se acaba el evento y todos se van a sus casas y todo sigue igual. Este tiene que ser un verdadero acontecimiento paso del se\u00f1or Jes\u00fas en la persona del papa que nos invita a dar el\u00a0primer paso, tema de la campa\u00f1a nacional, y dar el primer paso significa dejar algo que no nos est\u00e1 causando bien, que nos hace da\u00f1o, para aventurarnos hacia el futuro. Dejemos los odios, el pesimismo, los rencores, todo aquello que nos impide caminar hacia la reconciliaci\u00f3n, darnos la mano, poder encontrarnos todos los colombianos en caminos de justicia, verdad, honestidad, responsabilidad para ser artesanos de un pa\u00eds verdaderamente en paz\u201d.<\/p>\n<p>Por su parte, el mayor general Ricardo Restrepo se\u00f1al\u00f3 que la Polic\u00eda Nacional ya estableci\u00f3 todas las coordinaciones para la seguridad de la visita del santo padre a Colombia. La misi\u00f3n espec\u00edfica es la de garantizar que la visita se desarrolle sin ning\u00fan inconveniente.<\/p>\n<p>Explic\u00f3 que son m\u00e1s de 32 mil polic\u00edas los encargados de la vigilancia en las cuatro ciudades a donde llegar\u00e1 el papa Francisco. En Cartagena ser\u00e1n 4.200 los uniformados que reforzar\u00e1n la seguridad durante la visita.<\/p>\n<p>Hizo un llamado a los cartageneros para que tengan mucha cordura, tranquilidad, paciencia, mucha organizaci\u00f3n. \u201cLo que queremos es que todos podamos disfrutar de esta visita que no se convierta en una tragedia ni un trauma para los asistentes y los dem\u00e1s ciudadanos\u201d.<\/p>\n<p>As\u00ed mismo, el alcalde encargado de Cartagena, Sergio Londo\u00f1o Zurek, se\u00f1al\u00f3 que Cartagena, la ciudad de la esperanza, est\u00e1 preparada para recibir al santo padre.<\/p>\n<p>Aprovech\u00f3 este nuevo encuentro para hacer algunas recomendaciones a los cartageneros con el fin de que no se presenten situaciones que pongan en riesgo a los asistentes a los eventos que se realizar\u00e1n este domingo 10 de septiembre.<\/p>\n<p>\u201cYa est\u00e1n listos los protocolos de salud, as\u00ed como el servicio de transporte p\u00fablico operar\u00e1 a su m\u00e1xima capacidad ese d\u00eda\u201d.<\/p>\n<p>En cuanto al transporte, pidi\u00f3 a los ciudadanos que denuncien cualquier sobrecosto el los pasajes.<\/p>\n<p>Para el caso de las tarjetas de Transcaribe conmemorativas a la visita del papa son las que tienen un valor diferenciado, de resto los viajes son normales el domingo.<\/p>\n<p>En el tema de seguridad, el mandatario dijo que tanto Polic\u00eda como la Armada est\u00e1n listos para garantizar la seguridad de los cartageneros y visitantes.<\/p>\n","protected":false},"excerpt":{"rendered":"<p>Con la presencia de monse\u00f1or Fabio Suesc\u00fan, obispo castrense; el nuncio apost\u00f3lico de Colombia Ettore Balestrero, representantes de la Iglesia, el alcalde encargado de Cartagena, Sergio Londo\u00f1o Zurek, y funcionarios de las distintas entidades y organismos encargados de la log\u00edstica para la visita del papa Francisco, se realiz\u00f3 una reuni\u00f3n con el fin de conocer en detalle c\u00f3mo se encuentra todo para la llegada y estad\u00eda del santo padre en la ciudad este 10 de septiembre. Durante el encuentro, que comenz\u00f3 con una oraci\u00f3n especial por esta visita, se detall\u00f3&#8230; <\/p>\n","protected":false},"author":3,"featured_media":22181,"comment_status":"open","ping_status":"closed","sticky":false,"template":"","format":"standard","meta":{"footnotes":"","_links_to":"","_links_to_target":""},"categories":[2,75],"tags":[],"class_list":["post-22180","post","type-post","status-publish","format-standard","has-post-thumbnail","hentry","category-actualidad","category-destacada"],"_links":{"self":[{"href":"https:\/\/revistazetta.com\/index.php?rest_route=\/wp\/v2\/posts\/22180","targetHints":{"allow":["GET"]}}],"collection":[{"href":"https:\/\/revistazetta.com\/index.php?rest_route=\/wp\/v2\/posts"}],"about":[{"href":"https:\/\/revistazetta.com\/index.php?rest_route=\/wp\/v2\/types\/post"}],"author":[{"embeddable":true,"href":"https:\/\/revistazetta.com\/index.php?rest_route=\/wp\/v2\/users\/3"}],"replies":[{"embeddable":true,"href":"https:\/\/revistazetta.com\/index.php?rest_route=%2Fwp%2Fv2%2Fcomments&post=22180"}],"version-history":[{"count":0,"href":"https:\/\/revistazetta.com\/index.php?rest_route=\/wp\/v2\/posts\/22180\/revisions"}],"wp:featuredmedia":[{"embeddable":true,"href":"https:\/\/revistazetta.com\/index.php?rest_route=\/wp\/v2\/media\/22181"}],"wp:attachment":[{"href":"https:\/\/revistazetta.com\/index.php?rest_route=%2Fwp%2Fv2%2Fmedia&parent=22180"}],"wp:term":[{"taxonomy":"category","embeddable":true,"href":"https:\/\/revistazetta.com\/index.php?rest_route=%2Fwp%2Fv2%2Fcategories&post=22180"},{"taxonomy":"post_tag","embeddable":true,"href":"https:\/\/revistazetta.com\/index.php?rest_route=%2Fwp%2Fv2%2Ftags&post=22180"}],"curies":[{"name":"wp","href":"https:\/\/api.w.org\/{rel}","templated":true}]}}