{"id":22186,"date":"2017-09-03T23:21:50","date_gmt":"2017-09-04T04:21:50","guid":{"rendered":"http:\/\/www.revistazetta.com\/?p=22186"},"modified":"2017-09-03T23:21:50","modified_gmt":"2017-09-04T04:21:50","slug":"la-virgen-la-candelaria-patrona-cartagena-presente-la-misa-campal-del-papa-francisco","status":"publish","type":"post","link":"https:\/\/revistazetta.com\/?p=22186","title":{"rendered":"La Virgen de la Candelaria, Patrona de Cartagena, presente en la misa campal del papa Francisco"},"content":{"rendered":"<p>Este pr\u00f3ximo mi\u00e9rcoles 6 de septiembre, la Virgen de Nuestra Se\u00f1ora de La Candelaria bajar\u00e1 en procesi\u00f3n desde el Santuario de Santa Cruz de La Popa hacia la Ermita del Pie de La Popa donde estar\u00e1 hasta su traslado a Contecar.<\/p>\n<p>La comunidad de los Agustinos Recoletos del Convento de Nuestra Se\u00f1ora de la Candelaria de La Popa, Patrona de Cartagena, y su Cofrad\u00eda, en el marco de la visita apost\u00f3lica del papa Francisco, invita a la ciudadan\u00eda en general a acompa\u00f1ar el descenso en procesi\u00f3n de la imagen de la Virgen programada para este pr\u00f3ximo mi\u00e9rcoles 6 de septiembre a las 4 de la tarde. La Imagen saldr\u00e1 del Santuario y har\u00e1 el recorrido habitual de todos los 2 de febrero, hasta llegar a la parroquia de la Ermita del pie de la Popa, donde se celebrar\u00e1 una misa para recibirla.<\/p>\n<p>La Patrona de la ciudad permanecer\u00e1 en la Ermita hasta el s\u00e1bado, cuando ser\u00e1 trasladada a las instalaciones de Contecar, donde Francisco oficiar\u00e1 la misa campal este domingo 10 de septiembre.<\/p>\n<p>La procesi\u00f3n, desde el descenso hasta la Ermita contar\u00e1 con un dispositivo de seguridad dispuesto por las autoridades Distritales para la tranquilidad de los fieles. La devoci\u00f3n por la Virgen de la Candelaria\u00a0 tiene m\u00e1s de 400 a\u00f1os.<\/p>\n","protected":false},"excerpt":{"rendered":"<p>Este pr\u00f3ximo mi\u00e9rcoles 6 de septiembre, la Virgen de Nuestra Se\u00f1ora de La Candelaria bajar\u00e1 en procesi\u00f3n desde el Santuario de Santa Cruz de La Popa hacia la Ermita del Pie de La Popa donde estar\u00e1 hasta su traslado a Contecar. La comunidad de los Agustinos Recoletos del Convento de Nuestra Se\u00f1ora de la Candelaria de La Popa, Patrona de Cartagena, y su Cofrad\u00eda, en el marco de la visita apost\u00f3lica del papa Francisco, invita a la ciudadan\u00eda en general a acompa\u00f1ar el descenso en procesi\u00f3n de la imagen de&#8230; <\/p>\n","protected":false},"author":3,"featured_media":22187,"comment_status":"open","ping_status":"closed","sticky":false,"template":"","format":"standard","meta":{"footnotes":"","_links_to":"","_links_to_target":""},"categories":[2,75],"tags":[],"class_list":["post-22186","post","type-post","status-publish","format-standard","has-post-thumbnail","hentry","category-actualidad","category-destacada"],"_links":{"self":[{"href":"https:\/\/revistazetta.com\/index.php?rest_route=\/wp\/v2\/posts\/22186","targetHints":{"allow":["GET"]}}],"collection":[{"href":"https:\/\/revistazetta.com\/index.php?rest_route=\/wp\/v2\/posts"}],"about":[{"href":"https:\/\/revistazetta.com\/index.php?rest_route=\/wp\/v2\/types\/post"}],"author":[{"embeddable":true,"href":"https:\/\/revistazetta.com\/index.php?rest_route=\/wp\/v2\/users\/3"}],"replies":[{"embeddable":true,"href":"https:\/\/revistazetta.com\/index.php?rest_route=%2Fwp%2Fv2%2Fcomments&post=22186"}],"version-history":[{"count":0,"href":"https:\/\/revistazetta.com\/index.php?rest_route=\/wp\/v2\/posts\/22186\/revisions"}],"wp:featuredmedia":[{"embeddable":true,"href":"https:\/\/revistazetta.com\/index.php?rest_route=\/wp\/v2\/media\/22187"}],"wp:attachment":[{"href":"https:\/\/revistazetta.com\/index.php?rest_route=%2Fwp%2Fv2%2Fmedia&parent=22186"}],"wp:term":[{"taxonomy":"category","embeddable":true,"href":"https:\/\/revistazetta.com\/index.php?rest_route=%2Fwp%2Fv2%2Fcategories&post=22186"},{"taxonomy":"post_tag","embeddable":true,"href":"https:\/\/revistazetta.com\/index.php?rest_route=%2Fwp%2Fv2%2Ftags&post=22186"}],"curies":[{"name":"wp","href":"https:\/\/api.w.org\/{rel}","templated":true}]}}