{"id":22188,"date":"2017-09-04T06:52:36","date_gmt":"2017-09-04T11:52:36","guid":{"rendered":"http:\/\/www.revistazetta.com\/?p=22188"},"modified":"2017-09-04T06:52:36","modified_gmt":"2017-09-04T11:52:36","slug":"orbita-politica-john-zamora-lunes-4-septiembre","status":"publish","type":"post","link":"https:\/\/revistazetta.com\/?p=22188","title":{"rendered":"\u00d3rbita Pol\u00edtica de John Zamora \u2013 lunes 4 de septiembre"},"content":{"rendered":"<p><strong>No agoniza la U<\/strong><\/p>\n<p>El partido de la U sostiene que no est\u00e1 agonizando\u2026 a pesar de los diagn\u00f3sticos de otros \u201cm\u00e9dicos\u201d\u2026 Los directores Roy Barreras y Armando Benedetti lo \u00fanico que hicieron fue engrandecer su ego, desbordar su capacidad de lamboner\u00eda con Santos y ahondar las divisiones internas\u2026 varios congresistas quieren el \u201ctransfuguismo\u201d para dar el salto a Cambio Radical o Centro Democr\u00e1tico\u2026 las cuentas no salen a la hora de prospectar curules en las elecciones\u2026 Pues bien\u2026 est\u00e1 circulando una invitaci\u00f3n para la elecci\u00f3n del nuevo Directorio Departamental de Bol\u00edvar, este viernes 8 de septiembre, a las 8 de la ma\u00f1ana, en el sal\u00f3n Pedro Romero del Concejo Distrital. La invitaci\u00f3n circula a nombre de \u201clos congresistas del Partido Social de Unidad Nacional, y est\u00e1 dirigida a diputados, concejales, excongresitas, exalcaldes, exsecretarios de despacho, directorios municipales, delegados de sectores sociales, mujeres, j\u00f3venes, etnias, Lgbti, entre otros.<\/p>\n<p><strong>Dus\u00e1n est\u00e1 fajado<\/strong><\/p>\n<p>Los congresistas de Cambio Radical en estas latitudes se anticiparon a acoger y alentar la recolecci\u00f3n de firmas de Germ\u00e1n Vargas Lleras para ser candidato presidencial. El dirigente estuvo el viernes pasado en Cartagena y dedic\u00f3 buena parte de la noche a solicitar r\u00fabricas a los transe\u00fantes. Entre sus acompa\u00f1antes m\u00e1s entusiastas estuvo Dus\u00e1n V\u00e9lez Trujillo, hermano de exalcalde Dionisio V\u00e9lez, quien es uno de los m\u00e1s cercanos dirigentes del precandidato\u2026 al que no se vio fue al exgoberandor Juan Carlos Gossa\u00edn, quien ha manifestado su vargasllerismo en redes sociales.<\/p>\n<p><strong>La recomendaron sus resultados<\/strong><\/p>\n<p>La oficina Distrital de Servicios P\u00fablicos era poco visible hasta que lleg\u00f3 Clara Calder\u00f3n y la volvi\u00f3 din\u00e1mica y con liderazgo, \u201cpuyando\u201d a los consorcios de aseo para realizar rutas de limpieza en toda la ciudad. Adem\u00e1s, se le reconoce su labor en la estructuraci\u00f3n de importantes proyectos como drenajes pluviales, defensa costera, centro administrativo, entre otros. El alcalde Sergio Londo\u00f1o la encarg\u00f3 de la Secretar\u00eda de Infraestructura y termin\u00f3 confirm\u00e1ndola, y adujo que su eficiencia la recomend\u00f3. No obstante, los medios de Bogot\u00e1 insisten en etiquetarla como ap\u00e9ndice de la Casa Garc\u00eda, pero sin mirar su trabajo. En otras palabras, no importa si es una funcionaria ejemplar, ser amiga de tal o pascual determina su valoraci\u00f3n<\/p>\n","protected":false},"excerpt":{"rendered":"<p>No agoniza la U El partido de la U sostiene que no est\u00e1 agonizando\u2026 a pesar de los diagn\u00f3sticos de otros \u201cm\u00e9dicos\u201d\u2026 Los directores Roy Barreras y Armando Benedetti lo \u00fanico que hicieron fue engrandecer su ego, desbordar su capacidad de lamboner\u00eda con Santos y ahondar las divisiones internas\u2026 varios congresistas quieren el \u201ctransfuguismo\u201d para dar el salto a Cambio Radical o Centro Democr\u00e1tico\u2026 las cuentas no salen a la hora de prospectar curules en las elecciones\u2026 Pues bien\u2026 est\u00e1 circulando una invitaci\u00f3n para la elecci\u00f3n del nuevo Directorio Departamental&#8230; <\/p>\n","protected":false},"author":3,"featured_media":22189,"comment_status":"open","ping_status":"closed","sticky":false,"template":"","format":"standard","meta":{"footnotes":"","_links_to":"","_links_to_target":""},"categories":[75,44,45],"tags":[],"class_list":["post-22188","post","type-post","status-publish","format-standard","has-post-thumbnail","hentry","category-destacada","category-materiagris","category-orbita"],"_links":{"self":[{"href":"https:\/\/revistazetta.com\/index.php?rest_route=\/wp\/v2\/posts\/22188","targetHints":{"allow":["GET"]}}],"collection":[{"href":"https:\/\/revistazetta.com\/index.php?rest_route=\/wp\/v2\/posts"}],"about":[{"href":"https:\/\/revistazetta.com\/index.php?rest_route=\/wp\/v2\/types\/post"}],"author":[{"embeddable":true,"href":"https:\/\/revistazetta.com\/index.php?rest_route=\/wp\/v2\/users\/3"}],"replies":[{"embeddable":true,"href":"https:\/\/revistazetta.com\/index.php?rest_route=%2Fwp%2Fv2%2Fcomments&post=22188"}],"version-history":[{"count":0,"href":"https:\/\/revistazetta.com\/index.php?rest_route=\/wp\/v2\/posts\/22188\/revisions"}],"wp:featuredmedia":[{"embeddable":true,"href":"https:\/\/revistazetta.com\/index.php?rest_route=\/wp\/v2\/media\/22189"}],"wp:attachment":[{"href":"https:\/\/revistazetta.com\/index.php?rest_route=%2Fwp%2Fv2%2Fmedia&parent=22188"}],"wp:term":[{"taxonomy":"category","embeddable":true,"href":"https:\/\/revistazetta.com\/index.php?rest_route=%2Fwp%2Fv2%2Fcategories&post=22188"},{"taxonomy":"post_tag","embeddable":true,"href":"https:\/\/revistazetta.com\/index.php?rest_route=%2Fwp%2Fv2%2Ftags&post=22188"}],"curies":[{"name":"wp","href":"https:\/\/api.w.org\/{rel}","templated":true}]}}