{"id":22190,"date":"2017-09-04T15:18:39","date_gmt":"2017-09-04T20:18:39","guid":{"rendered":"http:\/\/www.revistazetta.com\/?p=22190"},"modified":"2017-09-04T19:34:06","modified_gmt":"2017-09-05T00:34:06","slug":"22190","status":"publish","type":"post","link":"https:\/\/revistazetta.com\/?p=22190","title":{"rendered":"\u201cLo sensato es dar un paso al costado\u201d, dice Andr\u00e9s Betancourt sobre Manolo"},"content":{"rendered":"<p>Andr\u00e9s Betancourt rompi\u00f3 su silencio y dijo que el alcalde Manolo Duque \u201cdebe dar un paso al costado\u201d.<\/p>\n<p>El dirigente, que fue candidato rival de Manolo Duque a la Alcald\u00eda, sostuvo que esa decisi\u00f3n permite que la ciudad salga del atasco institucional en que se encuentra.<\/p>\n<p>Aunque el prop\u00f3sito de su mensaje es el de generar un reflexi\u00f3n sobre la ciudad y su momento actual, Betancourt admiti\u00f3 que comparte la solicitud de los gremios de Cartagena al alcalde Manolo de presentar su renuncia.<\/p>\n<p>La solicitud de los gremios se conoci\u00f3 despu\u00e9s que Revista Zetta planteara esa alternativa como la mejor salida, tanto desde el momento de su detenci\u00f3n como ahora que sobre \u00e9l pesa una medida de aseguramiento.<\/p>\n<p>Betancourt expidi\u00f3 un comunicado, que se\u00f1ala lo siguiente:<\/p>\n<p>Comunicado de prensa<\/p>\n<p><strong>\u201cLA SOLUCI\u00d3N EST\u00c1 EN NUESTRAS <\/strong><strong>MANOS\u201d: ANDR\u00c9S BETANCOURT<\/strong><\/p>\n<ul>\n<li>Las agendas de Cartagena han sido erradas, sin principios, ni rumbo, y han golpeado sobre todo a los habitantes de la Cartagena de Bazurto para abajo.<\/li>\n<li>Convirtamos la desilusi\u00f3n de hoy en una oportunidad para el futuro de la ciudad, pide a todos los cartageneros.<\/li>\n<\/ul>\n<p>El candidato a la Alcald\u00eda de Cartagena en las pasadas elecciones, Andr\u00e9s Betancourt Gonz\u00e1lez, afirm\u00f3 que \u201cen momentos de crisis es cuando se conoce el talante de las sociedades\u201d. Y en una referencia directa a la vive la ciudad, se\u00f1al\u00f3 que \u201cpor fortuna, la soluci\u00f3n est\u00e1 en nuestras manos\u201d.<\/p>\n<p>Betancourt Gonz\u00e1lez hizo la siguiente reflexi\u00f3n sobre la compleja situaci\u00f3n que vive Cartagena:<\/p>\n<p>\u201cLa profunda crisis administrativa y pol\u00edtica de Cartagena, es evidente.<\/p>\n<p>\u201cSe siente en las calles, casas y rostros de los cartageneros que se preguntan con angustia: \u00bfc\u00f3mo fue que llegamos a esto?<\/p>\n<p>&nbsp;<\/p>\n<p>\u201cAlgunos le achacan la responsabilidad a la clase pol\u00edtica tradicional, que con sus vicios de siempre se fue apoltronado en el poder; otros, a una clase dirigente oportunista que se mimetiza en la corruptela y sac\u00f3 el mejor provecho para sus propios intereses. Y no han faltado los que, sin desconocer una y otra tesis, han dicho que las ra\u00edces del colapso tienen que ver con la exclusi\u00f3n hist\u00f3rica de una poblaci\u00f3n que, en la b\u00fasqueda de reivindicaciones, tambi\u00e9n se ha equivocado en la escogencia de sus l\u00edderes.<\/p>\n<p>\u201cPuede que todos tengan raz\u00f3n y que, al final, lo que nos pasa sea una mezcla de todos sus argumentos.<\/p>\n<p>\u201cPero <strong>en momentos de crisis es cuando se conoce el talante de las sociedades<\/strong>, y en medio de esta incertidumbre v\u00e1lida que camina por la ciudad como fantasma colonial, no podemos dejarnos vencer por la desesperanza; por el contrario, debemos estar a la altura de los tiempos.<\/p>\n<p>\u201cEl de hoy es el momento para la reflexi\u00f3n y la b\u00fasqueda de las l\u00edneas ciertas que no hemos encontrado en mucho tiempo.<\/p>\n<p>\u201cIndudablemente hemos construido sobre lo construido. <strong>Las agendas de Cartagena han sido erradas, sin principios, ni rumbo<\/strong>.<\/p>\n<p>\u201cEl resultado ha sido el derrumbe de la \u00e9tica, con evidencias inmisericordes en las brechas sociales que hemos seguido profundizando; porque, al fin de cuentas, <strong>los m\u00e1s golpeados por la irregularidad de la administraci\u00f3n p\u00fablica y esta asociaci\u00f3n perversa de oportunismo y establecimiento pol\u00edtico, han sido los habitantes de la Cartagena de Bazurto para abajo<\/strong>.<\/p>\n<p>\u201cDejemos las acusaciones y los se\u00f1alamientos a las investigaciones que en buena hora adelantan la justicia y los \u00f3rganos de control, de los que solo esperamos rigor, celeridad y debido proceso.<\/p>\n<p>\u201cMientras, reflexionemos, todos, sobre qu\u00e9 tipo de sociedad queremos construir y el tipo de gobernantes que debemos elegir.<\/p>\n<p>\u201cEsta no es una tarea peque\u00f1a, si tenemos en cuenta que primero habr\u00e1 que recuperar la institucionalidad para devolverle al estado distrital, el norte que toda la ciudad necesita.<\/p>\n<p>\u201cCon la institucionalidad hay que recobrar, tambi\u00e9n, la senda de la equidad social que tiene los mismos o peores extrav\u00edos. <strong>Que la vocaci\u00f3n de la ciudad empresarial, en adelante, no sea \u00fanicamente la producci\u00f3n de riqueza sino la generaci\u00f3n de condiciones de bienestar para unos ciudadanos que siguen en la espera.<\/strong><\/p>\n<p>\u201cEn la agenda tiene que estar, por supuesto, la toma de conciencia sobre la responsabilidad democr\u00e1tica; <strong>no podemos seguir apost\u00e1ndole al candidato de la plata<\/strong> y la maquinaria. Nuestro voto, en lo sucesivo, tiene que ser reflexivo y consciente.<\/p>\n<p>\u201cPara que todo ello sea posible, <strong>necesitamos que los sectores sociales, gremiales, pol\u00edticos, comunitarios nos unamos al amparo de un acuerdo de largo plazo para la ciudad, que construya un modelo de estado distrital, de consenso, y trabaje por una agenda social, econ\u00f3mica, cultural y pol\u00edtica para los siguientes a\u00f1os<\/strong>.<\/p>\n<p>\u201cAunque algunas voces han reclamado la renuncia del actual mandatario como un acto de retaliaci\u00f3n por actuaciones que hacen parte de las investigaciones, mi llamado a la reflexi\u00f3n tambi\u00e9n lo involucra, para que ese paso al costado reivindique el amor que sabemos tiene por la ciudad y permita empezar a construir una soluci\u00f3n de fondo.<\/p>\n<p>\u201cEl Concejo de la ciudad debe rescatar su institucionalidad, liderazgo y confianza, con ideas y acciones que resuelvan los hist\u00f3ricos problemas que demanda la ciudad y permitirnos esta nueva oportunidad que pide a gritos la ciudad.<\/p>\n<p>\u201cEsa misma reflexi\u00f3n me la hago personalmente para asumir moralmente y con coraje la responsabilidad que me corresponda.<\/p>\n<p>\u201cEl fin \u00faltimo es que, entre todos, <strong>convirtamos la desilusi\u00f3n de hoy en una acci\u00f3n sostenida que genere una oportunidad para el futuro de Cartagena.<\/strong><\/p>\n<p>\u201cPues la buena noticia es que <strong>esa soluci\u00f3n est\u00e1 en nuestras manos<\/strong>; no dejemos que nos la vuelvan a arrebatar, porque Cartagena tiene futuro\u201d.<\/p>\n<p><em>Cartagena, 4 de septiembre de 2017<\/em><\/p>\n","protected":false},"excerpt":{"rendered":"<p>Andr\u00e9s Betancourt rompi\u00f3 su silencio y dijo que el alcalde Manolo Duque \u201cdebe dar un paso al costado\u201d. El dirigente, que fue candidato rival de Manolo Duque a la Alcald\u00eda, sostuvo que esa decisi\u00f3n permite que la ciudad salga del atasco institucional en que se encuentra. Aunque el prop\u00f3sito de su mensaje es el de generar un reflexi\u00f3n sobre la ciudad y su momento actual, Betancourt admiti\u00f3 que comparte la solicitud de los gremios de Cartagena al alcalde Manolo de presentar su renuncia. La solicitud de los gremios se conoci\u00f3&#8230; <\/p>\n","protected":false},"author":3,"featured_media":22198,"comment_status":"open","ping_status":"closed","sticky":false,"template":"","format":"standard","meta":{"footnotes":"","_links_to":"","_links_to_target":""},"categories":[75,4],"tags":[],"class_list":["post-22190","post","type-post","status-publish","format-standard","has-post-thumbnail","hentry","category-destacada","category-politica"],"_links":{"self":[{"href":"https:\/\/revistazetta.com\/index.php?rest_route=\/wp\/v2\/posts\/22190","targetHints":{"allow":["GET"]}}],"collection":[{"href":"https:\/\/revistazetta.com\/index.php?rest_route=\/wp\/v2\/posts"}],"about":[{"href":"https:\/\/revistazetta.com\/index.php?rest_route=\/wp\/v2\/types\/post"}],"author":[{"embeddable":true,"href":"https:\/\/revistazetta.com\/index.php?rest_route=\/wp\/v2\/users\/3"}],"replies":[{"embeddable":true,"href":"https:\/\/revistazetta.com\/index.php?rest_route=%2Fwp%2Fv2%2Fcomments&post=22190"}],"version-history":[{"count":0,"href":"https:\/\/revistazetta.com\/index.php?rest_route=\/wp\/v2\/posts\/22190\/revisions"}],"wp:featuredmedia":[{"embeddable":true,"href":"https:\/\/revistazetta.com\/index.php?rest_route=\/wp\/v2\/media\/22198"}],"wp:attachment":[{"href":"https:\/\/revistazetta.com\/index.php?rest_route=%2Fwp%2Fv2%2Fmedia&parent=22190"}],"wp:term":[{"taxonomy":"category","embeddable":true,"href":"https:\/\/revistazetta.com\/index.php?rest_route=%2Fwp%2Fv2%2Fcategories&post=22190"},{"taxonomy":"post_tag","embeddable":true,"href":"https:\/\/revistazetta.com\/index.php?rest_route=%2Fwp%2Fv2%2Ftags&post=22190"}],"curies":[{"name":"wp","href":"https:\/\/api.w.org\/{rel}","templated":true}]}}