{"id":22199,"date":"2017-09-04T21:07:31","date_gmt":"2017-09-05T02:07:31","guid":{"rendered":"http:\/\/www.revistazetta.com\/?p=22199"},"modified":"2017-09-04T21:07:31","modified_gmt":"2017-09-05T02:07:31","slug":"ultimos-dias-inscribirse-las-clinicas-instrumentales-unibac","status":"publish","type":"post","link":"https:\/\/revistazetta.com\/?p=22199","title":{"rendered":"\u00daltimos d\u00edas para inscribirse en las Cl\u00ednicas Instrumentales de Unibac"},"content":{"rendered":"<p>Hasta esta semana, estar\u00e1n abiertas las inscripciones en el Conservatorio de M\u00fasica Adolfo Mej\u00eda de la Instituci\u00f3n Universitaria Bellas Artes y Ciencias de Bol\u00edvar (Unibac) para participar las Cl\u00ednicas Instrumentales 2017, que se realizar\u00e1n del 11 al 15 de septiembre en Cartagena de Indias, en la que pueden participar estudiantes, egresados y docentes de m\u00fasica.<\/p>\n<p>Las Cl\u00ednicas son un proyecto de educaci\u00f3n continua que incluye conferencias, clases magistrales, talleres, conferencias y conciertos, a cargos de m\u00fasicos de gran trayectoria internacional, en las \u00e1reas de flauta, viol\u00edn, viola, corno franc\u00e9s, trompeta, tromb\u00f3n, tuba, piano, canto l\u00edrico, guitarra el\u00e9ctrica y luther\u00eda. La asistencia a los talleres no requiere de prueba de admisi\u00f3n. La participaci\u00f3n activa en las clases magistrales est\u00e1 sujeta al criterio del maestro respectivo.<\/p>\n<p>Para acceder a la pr\u00e1ctica orquestal con la Orquesta Sinf\u00f3nica de Bol\u00edvar, los instrumentistas de viol\u00edn, viola, cello, contrabajo, flauta, corno, trompeta y tromb\u00f3n deben preparar y aprobar la audici\u00f3n que se practicar\u00e1 el lunes 11 de septiembre, a las 11:00 a.m., sobre el siguiente repertorio: Concierto en re mayor Op. 77 para viol\u00edn de Johannes Brahms y Concierto para tromb\u00f3n de Nino Rota.<\/p>\n<p>La participaci\u00f3n en las Cl\u00ednicas Instrumentales para estudiantes y egresados de Unibac, Comfenalco y universidades con convenios vigentes, as\u00ed como para m\u00fasicos y directores adscritos en el 2017 a las Bandas y Escuelas de M\u00fasica de los municipios de Bol\u00edvar, tendr\u00e1 un costo de $50.000. Para obtener ese beneficio es preciso que el aspirante presente un documento que demuestre que cumple con el requisito.<\/p>\n<p>La participaci\u00f3n en las Cl\u00ednicas Instrumentales para estudiantes de m\u00fasica de otras facultades y escuelas de m\u00fasica, universidades, as\u00ed como profesionales de otros departamentos del pa\u00eds y el exterior tendr\u00e1 un costo de $100.000 (US$35).<\/p>\n<p>El Conservatorio de M\u00fasica Adolfo Mej\u00eda de Unibac entregar\u00e1 un certificado de participaci\u00f3n a quienes asistan en calidad de estudiantes pasivos o activos a por lo menos el 90% de las clases impartidas durante las Cl\u00ednicas (un total de 40 horas). Para diligenciar la inscripci\u00f3n el aspirante debe realizar una consignaci\u00f3n a nombre de la Instituci\u00f3n Universitaria Bellas Artes y Ciencias de Bol\u00edvar por el valor correspondiente, cuenta de ahorros # 705- 440908-9 del Banco Davivienda, en cualquier sucursal del pa\u00eds, y enviar escaneado el volante de consignaci\u00f3n al correo electr\u00f3nico: <a href=\"mailto:conservatorio@unibac.edu.co\">conservatorio@unibac.edu.co<\/a>, o entregarlo en la Direcci\u00f3n del Conservatorio en la Carrera 9 No 39-12 de Cartagena, antes del viernes 8 de septiembre. Unibac no asume responsabilidad por la estad\u00eda y alimentaci\u00f3n de los participantes de las Cl\u00ednicas Instrumentales en la ciudad de Cartagena.<\/p>\n","protected":false},"excerpt":{"rendered":"<p>Hasta esta semana, estar\u00e1n abiertas las inscripciones en el Conservatorio de M\u00fasica Adolfo Mej\u00eda de la Instituci\u00f3n Universitaria Bellas Artes y Ciencias de Bol\u00edvar (Unibac) para participar las Cl\u00ednicas Instrumentales 2017, que se realizar\u00e1n del 11 al 15 de septiembre en Cartagena de Indias, en la que pueden participar estudiantes, egresados y docentes de m\u00fasica. Las Cl\u00ednicas son un proyecto de educaci\u00f3n continua que incluye conferencias, clases magistrales, talleres, conferencias y conciertos, a cargos de m\u00fasicos de gran trayectoria internacional, en las \u00e1reas de flauta, viol\u00edn, viola, corno franc\u00e9s, trompeta,&#8230; <\/p>\n","protected":false},"author":3,"featured_media":22200,"comment_status":"open","ping_status":"closed","sticky":false,"template":"","format":"standard","meta":{"footnotes":"","_links_to":"","_links_to_target":""},"categories":[41,43],"tags":[],"class_list":["post-22199","post","type-post","status-publish","format-standard","has-post-thumbnail","hentry","category-cultura","category-cultura-musica"],"_links":{"self":[{"href":"https:\/\/revistazetta.com\/index.php?rest_route=\/wp\/v2\/posts\/22199","targetHints":{"allow":["GET"]}}],"collection":[{"href":"https:\/\/revistazetta.com\/index.php?rest_route=\/wp\/v2\/posts"}],"about":[{"href":"https:\/\/revistazetta.com\/index.php?rest_route=\/wp\/v2\/types\/post"}],"author":[{"embeddable":true,"href":"https:\/\/revistazetta.com\/index.php?rest_route=\/wp\/v2\/users\/3"}],"replies":[{"embeddable":true,"href":"https:\/\/revistazetta.com\/index.php?rest_route=%2Fwp%2Fv2%2Fcomments&post=22199"}],"version-history":[{"count":0,"href":"https:\/\/revistazetta.com\/index.php?rest_route=\/wp\/v2\/posts\/22199\/revisions"}],"wp:featuredmedia":[{"embeddable":true,"href":"https:\/\/revistazetta.com\/index.php?rest_route=\/wp\/v2\/media\/22200"}],"wp:attachment":[{"href":"https:\/\/revistazetta.com\/index.php?rest_route=%2Fwp%2Fv2%2Fmedia&parent=22199"}],"wp:term":[{"taxonomy":"category","embeddable":true,"href":"https:\/\/revistazetta.com\/index.php?rest_route=%2Fwp%2Fv2%2Fcategories&post=22199"},{"taxonomy":"post_tag","embeddable":true,"href":"https:\/\/revistazetta.com\/index.php?rest_route=%2Fwp%2Fv2%2Ftags&post=22199"}],"curies":[{"name":"wp","href":"https:\/\/api.w.org\/{rel}","templated":true}]}}