{"id":22201,"date":"2017-09-04T21:18:25","date_gmt":"2017-09-05T02:18:25","guid":{"rendered":"http:\/\/www.revistazetta.com\/?p=22201"},"modified":"2017-09-04T21:18:25","modified_gmt":"2017-09-05T02:18:25","slug":"esperamos-perdon-reconciliacion-la-visita-francisco-dice-senador-antonio-correa","status":"publish","type":"post","link":"https:\/\/revistazetta.com\/?p=22201","title":{"rendered":"Esperamos perd\u00f3n y reconciliaci\u00f3n con la visita de Francisco, dice senador Antonio Correa"},"content":{"rendered":"<p>Ante la llegada este mi\u00e9rcoles del papa Francisco a Colombia, el segundo vicepresidente del Senado, Antonio Correa Jim\u00e9nez, se\u00f1al\u00f3 que su visita est\u00e1 signada por la esperanza de un pueblo ansioso de paz, perd\u00f3n y reconciliaci\u00f3n.<\/p>\n<p>Sostuvo que \u201cla visita del m\u00e1ximo jerarca de la Iglesia Cat\u00f3lica representa para el pa\u00eds la esperanza de un mensaje de optimismo y de reconciliaci\u00f3n, que llegue a los corazones de los colombianos y se concrete el verdadero perd\u00f3n\u201d.<\/p>\n<p>Insisti\u00f3 el senador Correa que el pueblo colombiano a\u00f1ora el verdadero perd\u00f3n y la reconciliaci\u00f3n, y a la vez \u201cpedirle al Santo Padre su clamor y oraciones por el hermano pa\u00eds de Venezuela\u201d.<\/p>\n","protected":false},"excerpt":{"rendered":"<p>Ante la llegada este mi\u00e9rcoles del papa Francisco a Colombia, el segundo vicepresidente del Senado, Antonio Correa Jim\u00e9nez, se\u00f1al\u00f3 que su visita est\u00e1 signada por la esperanza de un pueblo ansioso de paz, perd\u00f3n y reconciliaci\u00f3n. Sostuvo que \u201cla visita del m\u00e1ximo jerarca de la Iglesia Cat\u00f3lica representa para el pa\u00eds la esperanza de un mensaje de optimismo y de reconciliaci\u00f3n, que llegue a los corazones de los colombianos y se concrete el verdadero perd\u00f3n\u201d. Insisti\u00f3 el senador Correa que el pueblo colombiano a\u00f1ora el verdadero perd\u00f3n y la reconciliaci\u00f3n,&#8230; <\/p>\n","protected":false},"author":3,"featured_media":22202,"comment_status":"open","ping_status":"closed","sticky":false,"template":"","format":"standard","meta":{"footnotes":"","_links_to":"","_links_to_target":""},"categories":[4],"tags":[],"class_list":["post-22201","post","type-post","status-publish","format-standard","has-post-thumbnail","hentry","category-politica"],"_links":{"self":[{"href":"https:\/\/revistazetta.com\/index.php?rest_route=\/wp\/v2\/posts\/22201","targetHints":{"allow":["GET"]}}],"collection":[{"href":"https:\/\/revistazetta.com\/index.php?rest_route=\/wp\/v2\/posts"}],"about":[{"href":"https:\/\/revistazetta.com\/index.php?rest_route=\/wp\/v2\/types\/post"}],"author":[{"embeddable":true,"href":"https:\/\/revistazetta.com\/index.php?rest_route=\/wp\/v2\/users\/3"}],"replies":[{"embeddable":true,"href":"https:\/\/revistazetta.com\/index.php?rest_route=%2Fwp%2Fv2%2Fcomments&post=22201"}],"version-history":[{"count":0,"href":"https:\/\/revistazetta.com\/index.php?rest_route=\/wp\/v2\/posts\/22201\/revisions"}],"wp:featuredmedia":[{"embeddable":true,"href":"https:\/\/revistazetta.com\/index.php?rest_route=\/wp\/v2\/media\/22202"}],"wp:attachment":[{"href":"https:\/\/revistazetta.com\/index.php?rest_route=%2Fwp%2Fv2%2Fmedia&parent=22201"}],"wp:term":[{"taxonomy":"category","embeddable":true,"href":"https:\/\/revistazetta.com\/index.php?rest_route=%2Fwp%2Fv2%2Fcategories&post=22201"},{"taxonomy":"post_tag","embeddable":true,"href":"https:\/\/revistazetta.com\/index.php?rest_route=%2Fwp%2Fv2%2Ftags&post=22201"}],"curies":[{"name":"wp","href":"https:\/\/api.w.org\/{rel}","templated":true}]}}