{"id":22205,"date":"2017-09-04T21:38:44","date_gmt":"2017-09-05T02:38:44","guid":{"rendered":"http:\/\/www.revistazetta.com\/?p=22205"},"modified":"2017-09-04T21:38:44","modified_gmt":"2017-09-05T02:38:44","slug":"cartagena-la-ciudad-mejor-preparada-visita-del-papa","status":"publish","type":"post","link":"https:\/\/revistazetta.com\/?p=22205","title":{"rendered":"Cartagena es la ciudad mejor preparada para visita del Papa"},"content":{"rendered":"<p>La comisi\u00f3n del Vaticano que vino de avanzada a verificar los puntos donde estar\u00e1 Su Santidad en su visita a la ciudad, resalt\u00f3 la organizaci\u00f3n del gobierno distrital para atender al papa Francisco durante su estad\u00eda.<\/p>\n<p>El alcalde encargado, Sergio Londo\u00f1o, manifest\u00f3 que la gendarmer\u00eda y los delegados del Vaticano destacaron toda la log\u00edstica que se tiene preparada para la visita del m\u00e1ximo jerarca de la iglesia cat\u00f3lica a Cartagena, este domingo 10 de septiembre.<\/p>\n<p>\u201cLos comentarios de la gendarmer\u00eda vaticana y de la curia han sido positivos. Dicen que Cartagena es la ciudad de la esperanza, y est\u00e1 preparada para la llegada del Santo Padre. Las rutas son claras, los puntos de atenci\u00f3n est\u00e1n organizados. Nos hemos esforzado y sacado adelante en el t\u00e9rmino de este encargo. Yo tengo poco m\u00e1s de un mes, pero nos pusimos la tarea de recibir, como siempre lo hemos hecho, a todas las personalidades del mundo con los brazos abiertos\u201d.<\/p>\n<p>El Alcalde explic\u00f3 que todo su equipo de gobierno est\u00e1 en \u201cmodo Papa\u201d para responder los requerimientos de la log\u00edstica. Adem\u00e1s, el apoyo fundamental de la sociedad civil, la curia y Contecar, que ha hecho una labor destacada de preparar el lugar donde se oficiar\u00e1 la misa campal que albergar\u00e1 a m\u00e1s de 200 mil personas.<\/p>\n<p><strong>Salud<\/strong><\/p>\n<p>Todos los centros reguladores de urgencia, emergencia y desastre de la Costa han sido convocados para apoyar a Cartagena previo y durante la visita del papa Francisco. Son alrededor de 600 profesionales de la salud los que estar\u00e1n atentos a cualquier emergencia m\u00e9dica durante la agenda papal.<\/p>\n<p>El Hospital Naval ser\u00e1 el centro asistencial habilitado para atender a su santidad, si lo llegara a requerir, y el Hospital Bocagrande, para la comisi\u00f3n del vaticano y otras personalidades que lo acompa\u00f1an.<\/p>\n<p>El alcalde Londo\u00f1o recomend\u00f3 a los feligreses y a todos los ciudadanos que asistir\u00e1n a los actos programados para este domingo, que se hidraten con un litro de agua desde la noche anterior, y lleven agua y alg\u00fan tipo de alimento para evitar problemas de salud ese d\u00eda.<\/p>\n<p>Se le recuerda a todos los asistentes que deben portar ropa c\u00f3moda, preferiblemente camisa manga larga, aplicarse bloqueador, usar gorra y llevar sombrilla, pero al momento de la misa deben cerrarla.<\/p>\n<p>Consultar con tiempo la puerta de acceso que le corresponde, seg\u00fan la distribuci\u00f3n realizada en Contecar, y as\u00ed evitar contratiempos y trasladarse al sitio con suficiente antelaci\u00f3n.<\/p>\n<p>Transcaribe estar\u00e1 funcionando con una ruta especial desde Patio Portal hasta la Transversal 54, y dejar\u00e1n los pasajeros en un sitio cercano a las puertas de acceso al lugar donde se oficiar\u00e1 la misa campal.<\/p>\n<p>Las autoridades de salud recomiendan a las personas que asistir\u00e1n a la liturgia, y que presentan problemas de salud, o son medicados, que lo comuniquen a los puestos m\u00e9dicos que est\u00e1n habilitados en Contecar.<\/p>\n<p>Esta informaci\u00f3n permitir\u00e1 al personal m\u00e9dico y organismos de socorro actuar con prontitud ante cualquier emergencia o quebranto de salud.<\/p>\n<p>El Alcalde encargado manifest\u00f3 que los sitios donde estar\u00e1 el papa Francisco, como la iglesia de San Pedro, su c\u00fapula fue restaurada por la donaci\u00f3n de un particular, y que la Catedral tambi\u00e9n fue la curia la que le hizo los trabajos de mantenimiento.<\/p>\n<p>\u201cEl Distrito no ha destinado ning\u00fan recurso para la log\u00edstica. Los dineros fueron aportados por la Naci\u00f3n\u201d, aclar\u00f3<\/p>\n<p>\u201cNosotros nos preparamos para ser la ciudad de la esperanza, pero no se maquilla para recibir el papa. Simplemente recibe al santo padre como es, bell\u00edsima y con algunos lunares y falencias, pero estamos trabajando para solucionarlos\u201d.<\/p>\n","protected":false},"excerpt":{"rendered":"<p>La comisi\u00f3n del Vaticano que vino de avanzada a verificar los puntos donde estar\u00e1 Su Santidad en su visita a la ciudad, resalt\u00f3 la organizaci\u00f3n del gobierno distrital para atender al papa Francisco durante su estad\u00eda. El alcalde encargado, Sergio Londo\u00f1o, manifest\u00f3 que la gendarmer\u00eda y los delegados del Vaticano destacaron toda la log\u00edstica que se tiene preparada para la visita del m\u00e1ximo jerarca de la iglesia cat\u00f3lica a Cartagena, este domingo 10 de septiembre. \u201cLos comentarios de la gendarmer\u00eda vaticana y de la curia han sido positivos. Dicen que&#8230; <\/p>\n","protected":false},"author":3,"featured_media":22206,"comment_status":"open","ping_status":"closed","sticky":false,"template":"","format":"standard","meta":{"footnotes":"","_links_to":"","_links_to_target":""},"categories":[2,75],"tags":[],"class_list":["post-22205","post","type-post","status-publish","format-standard","has-post-thumbnail","hentry","category-actualidad","category-destacada"],"_links":{"self":[{"href":"https:\/\/revistazetta.com\/index.php?rest_route=\/wp\/v2\/posts\/22205","targetHints":{"allow":["GET"]}}],"collection":[{"href":"https:\/\/revistazetta.com\/index.php?rest_route=\/wp\/v2\/posts"}],"about":[{"href":"https:\/\/revistazetta.com\/index.php?rest_route=\/wp\/v2\/types\/post"}],"author":[{"embeddable":true,"href":"https:\/\/revistazetta.com\/index.php?rest_route=\/wp\/v2\/users\/3"}],"replies":[{"embeddable":true,"href":"https:\/\/revistazetta.com\/index.php?rest_route=%2Fwp%2Fv2%2Fcomments&post=22205"}],"version-history":[{"count":0,"href":"https:\/\/revistazetta.com\/index.php?rest_route=\/wp\/v2\/posts\/22205\/revisions"}],"wp:featuredmedia":[{"embeddable":true,"href":"https:\/\/revistazetta.com\/index.php?rest_route=\/wp\/v2\/media\/22206"}],"wp:attachment":[{"href":"https:\/\/revistazetta.com\/index.php?rest_route=%2Fwp%2Fv2%2Fmedia&parent=22205"}],"wp:term":[{"taxonomy":"category","embeddable":true,"href":"https:\/\/revistazetta.com\/index.php?rest_route=%2Fwp%2Fv2%2Fcategories&post=22205"},{"taxonomy":"post_tag","embeddable":true,"href":"https:\/\/revistazetta.com\/index.php?rest_route=%2Fwp%2Fv2%2Ftags&post=22205"}],"curies":[{"name":"wp","href":"https:\/\/api.w.org\/{rel}","templated":true}]}}