{"id":22207,"date":"2017-09-04T21:46:59","date_gmt":"2017-09-05T02:46:59","guid":{"rendered":"http:\/\/www.revistazetta.com\/?p=22207"},"modified":"2017-09-04T21:46:59","modified_gmt":"2017-09-05T02:46:59","slug":"mompox-los-pies-la-memoria-oral-gabriel-garcia-marquez","status":"publish","type":"post","link":"https:\/\/revistazetta.com\/?p=22207","title":{"rendered":"Mompox a los pies de la memoria oral de Gabriel Garc\u00eda M\u00e1rquez"},"content":{"rendered":"<blockquote><p><strong><em><u>En el marco de la celebraci\u00f3n del cumplea\u00f1os 208 del Colegio Nacional Pinillos<\/u><\/em><\/strong><\/p>\n<p><strong>El evento de clausura fue engalanado con la presencia de Aida Garc\u00eda M\u00e1rquez, hermana del desaparecido literato colombiano, Patricio Garc\u00eda, primo de Gabo y Gabriel Torres Garc\u00eda, sobrino del nobel de literatura, quienes contaron an\u00e9cdotas e historias de su vida y obra, en el marco de la celebraci\u00f3n del <\/strong><strong>&#8216;<\/strong><strong>Cincuentenario de Macondo y sus Mariposas Amarillas<\/strong><strong>&#8216;<\/strong><strong>.<\/strong><\/p><\/blockquote>\n<p><img loading=\"lazy\" decoding=\"async\" class=\"alignright size-medium wp-image-22209\" src=\"https:\/\/www.revistazetta.com\/wp-content\/uploads\/2017\/09\/IMG_2214-300x188.jpg\" alt=\"\" width=\"300\" height=\"188\" srcset=\"https:\/\/revistazetta.com\/wp-content\/uploads\/2017\/09\/IMG_2214-300x188.jpg 300w, https:\/\/revistazetta.com\/wp-content\/uploads\/2017\/09\/IMG_2214.jpg 1024w, https:\/\/revistazetta.com\/wp-content\/uploads\/2017\/09\/IMG_2214-234x146.jpg 234w, https:\/\/revistazetta.com\/wp-content\/uploads\/2017\/09\/IMG_2214-50x31.jpg 50w, https:\/\/revistazetta.com\/wp-content\/uploads\/2017\/09\/IMG_2214-120x75.jpg 120w\" sizes=\"auto, (max-width: 300px) 100vw, 300px\" \/>Al ritmo de los pitos de la banda escuela musical de Lucho Berm\u00fadez, de El Carmen de Bol\u00edvar, las notas de la escuela Festival de la Leyenda Vallenata, de Valledupar y la picard\u00eda de los originales Gaiteros de San Jacinto, culmin\u00f3 la jornada cultural y acad\u00e9mica homenaje a Gabriel Garc\u00eda M\u00e1rquez, en el marco de la celebraci\u00f3n de los 208 a\u00f1os de celebraci\u00f3n del emblem\u00e1tico Colegio Nacional Pinillos de Mompox.<\/p>\n<p>Por espacio de 4 d\u00edas, la ciudad valerosa, recibi\u00f3 el legado del literato m\u00e1s afamado de la historia reciente de Colombia, quien relacion\u00f3 de manera inherente con el realismo m\u00e1gico y su obra m\u00e1s conocida, la novela Cien a\u00f1os de soledad, considerada una de las m\u00e1s representativas de este movimiento literario e incluso se considera que por el \u00e9xito de la novela es que tal t\u00e9rmino se aplica a la literatura surgida a partir de los a\u00f1os 1960 en Am\u00e9rica Latina.<\/p>\n<p>\u201cComo hermana de \u00e9l me siento muy satisfecha, porque veo que a pesar que hace muchos a\u00f1os que ya falleci\u00f3, todav\u00eda nos hacen recordar en cada evento que le dedican y eso repercute en el coraz\u00f3n de la familia\u201d, precis\u00f3 Aida Garc\u00eda M\u00e1rquez, hermana del literato colombiano.<\/p>\n<p>Por su parte, Gabriel Torres Garc\u00eda, sobrino del premio Nobel, dijo que les llena de orgullo que a\u00fan en la memoria de los colombianos se le recuerde como el primer d\u00eda, \u201cel que Mompox haga un homenaje y exalte la memoria de Gabo es de gran satisfacci\u00f3n, por otro lado, nos brinda la oportunidad de conocer el escenario m\u00e1gico de una ciudad que no conoc\u00eda\u201d, agreg\u00f3 Torres Garc\u00eda.<\/p>\n<p><img loading=\"lazy\" decoding=\"async\" class=\"alignright size-medium wp-image-22210\" src=\"https:\/\/www.revistazetta.com\/wp-content\/uploads\/2017\/09\/IMG_2220-300x188.jpg\" alt=\"\" width=\"300\" height=\"188\" srcset=\"https:\/\/revistazetta.com\/wp-content\/uploads\/2017\/09\/IMG_2220-300x188.jpg 300w, https:\/\/revistazetta.com\/wp-content\/uploads\/2017\/09\/IMG_2220.jpg 1024w, https:\/\/revistazetta.com\/wp-content\/uploads\/2017\/09\/IMG_2220-234x146.jpg 234w, https:\/\/revistazetta.com\/wp-content\/uploads\/2017\/09\/IMG_2220-50x31.jpg 50w, https:\/\/revistazetta.com\/wp-content\/uploads\/2017\/09\/IMG_2220-120x75.jpg 120w\" sizes=\"auto, (max-width: 300px) 100vw, 300px\" \/>\u201cGabriel Garc\u00eda M\u00e1rquez es para las letras hisp\u00e1nicas el segundo Cervantes, pero por supuesto, que la preparaci\u00f3n o la programaci\u00f3n que hizo de su vida se cumpli\u00f3 cabalmente, yo encuentro una similitud extraordinaria entre la auto programaci\u00f3n que realiz\u00f3 Salvador Dal\u00ed, cuando dijo a los trece a\u00f1os que el apellido Dal\u00ed estaba destinado a proyectarse en el cielo como una saeta y a confundirse con las estrellas y Gabo hizo exactamente lo mismo en el campo literario con la obra Cien A\u00f1os de Soledad\u201d, puntualiz\u00f3 Patricio Garc\u00eda, primo del inmolado Nobel.<\/p>\n<p><strong><u>Reconocimiento<\/u><\/strong><\/p>\n<p>Mediante el decreto 0303 del 30 de agosto de 2017, la administraci\u00f3n de Dumek Turbay Paz, a trav\u00e9s de la Secretar\u00eda de Educaci\u00f3n, reconoci\u00f3 la labor del Colegio Nacional Pinillos, al conmemorarse 208 a\u00f1os de existencia, mediante la construcci\u00f3n e implementaci\u00f3n de un modelo pedag\u00f3gico innovador, fundamentado en los procesos espirituales, tecnol\u00f3gicos y de emprendimiento con calidad y pertinencia en la comunidad educativa de Mompox.<\/p>\n<p>\u201cEsto debe llenar de\u00a0 orgullo al departamento de Bol\u00edvar y en especial para la administraci\u00f3n del gobierno del \u201cBol\u00edvar S\u00ed Avanza\u201d y la Secretar\u00eda de Educaci\u00f3n de contar con una instituci\u00f3n educativa que viene forjando ni\u00f1os en valores y sobre todo en la diversificaci\u00f3n que lo viene haciendo, hasta el punto que hoy contamos en este colegio con egresados que se destacan a nivel local, regional, nacional e internacional\u201d, dijo Zafir Iglesias Correa, Director de Planta de la Secretar\u00eda de Educaci\u00f3n<\/p>\n<p>\u201cComplacidos con la presencia institucional de la administraci\u00f3n de Dumek Turbay y en especial de la Secretar\u00eda de Educaci\u00f3n de Bol\u00edvar que han sido motores y dinamizadores de cada uno de los procesos pedag\u00f3gicos y campa\u00f1as que emprendemos desde el Colegio Nacional Pinillos, precis\u00f3 Virgilio di Filippo Rodr\u00edguez, rector del plantel.<\/p>\n<p>Oscar Mar\u00edn Villalba, secretario de Educaci\u00f3n dijo, que es de gran satisfacci\u00f3n ver como esta instituci\u00f3n educativa crece y trabaja alrededor de una educaci\u00f3n de calidad forjando los destinos y las esperanzas de la regi\u00f3n, \u00abel Colegio Nacional Pinillos de Mompox es una instituci\u00f3n educativa que sigue viva y sigue generando en los j\u00f3venes una esperanza de paz de conciliaci\u00f3n.<\/p>\n<p>\u201cPor las aulas de este plantel educativo han pasado personas de gran valor para el departamento Bol\u00edvar, profesionales reconocidos que le han aportado significativamente a este municipio del cono sur\u00bb, puntualiz\u00f3 el secretario.<\/p>\n<p>El escenario no podr\u00eda ser otro, la emblem\u00e1tica Plaza de San Francisco se engalan\u00f3, para recibir y conocer las vivencias y an\u00e9cdotas de quien fuera el escritor colombiano m\u00e1s famoso del mundo, con su obra cumbre, \u201cCien a\u00f1os de soledad\u201d, el cual ha vendido m\u00e1s de 50 millones de copias y ha sido traducida a m\u00e1s de 40 idiomas, seg\u00fan la Real Academia Espa\u00f1ola.<\/p>\n","protected":false},"excerpt":{"rendered":"<p>En el marco de la celebraci\u00f3n del cumplea\u00f1os 208 del Colegio Nacional Pinillos El evento de clausura fue engalanado con la presencia de Aida Garc\u00eda M\u00e1rquez, hermana del desaparecido literato colombiano, Patricio Garc\u00eda, primo de Gabo y Gabriel Torres Garc\u00eda, sobrino del nobel de literatura, quienes contaron an\u00e9cdotas e historias de su vida y obra, en el marco de la celebraci\u00f3n del &#8216;Cincuentenario de Macondo y sus Mariposas Amarillas&#8216;. Al ritmo de los pitos de la banda escuela musical de Lucho Berm\u00fadez, de El Carmen de Bol\u00edvar, las notas de&#8230; <\/p>\n","protected":false},"author":3,"featured_media":22208,"comment_status":"open","ping_status":"closed","sticky":false,"template":"","format":"standard","meta":{"footnotes":"","_links_to":"","_links_to_target":""},"categories":[80,83],"tags":[],"class_list":["post-22207","post","type-post","status-publish","format-standard","has-post-thumbnail","hentry","category-region","category-municipios"],"_links":{"self":[{"href":"https:\/\/revistazetta.com\/index.php?rest_route=\/wp\/v2\/posts\/22207","targetHints":{"allow":["GET"]}}],"collection":[{"href":"https:\/\/revistazetta.com\/index.php?rest_route=\/wp\/v2\/posts"}],"about":[{"href":"https:\/\/revistazetta.com\/index.php?rest_route=\/wp\/v2\/types\/post"}],"author":[{"embeddable":true,"href":"https:\/\/revistazetta.com\/index.php?rest_route=\/wp\/v2\/users\/3"}],"replies":[{"embeddable":true,"href":"https:\/\/revistazetta.com\/index.php?rest_route=%2Fwp%2Fv2%2Fcomments&post=22207"}],"version-history":[{"count":0,"href":"https:\/\/revistazetta.com\/index.php?rest_route=\/wp\/v2\/posts\/22207\/revisions"}],"wp:featuredmedia":[{"embeddable":true,"href":"https:\/\/revistazetta.com\/index.php?rest_route=\/wp\/v2\/media\/22208"}],"wp:attachment":[{"href":"https:\/\/revistazetta.com\/index.php?rest_route=%2Fwp%2Fv2%2Fmedia&parent=22207"}],"wp:term":[{"taxonomy":"category","embeddable":true,"href":"https:\/\/revistazetta.com\/index.php?rest_route=%2Fwp%2Fv2%2Fcategories&post=22207"},{"taxonomy":"post_tag","embeddable":true,"href":"https:\/\/revistazetta.com\/index.php?rest_route=%2Fwp%2Fv2%2Ftags&post=22207"}],"curies":[{"name":"wp","href":"https:\/\/api.w.org\/{rel}","templated":true}]}}