{"id":22211,"date":"2017-09-04T21:57:53","date_gmt":"2017-09-05T02:57:53","guid":{"rendered":"http:\/\/www.revistazetta.com\/?p=22211"},"modified":"2017-09-04T22:00:23","modified_gmt":"2017-09-05T03:00:23","slug":"papa-francisco-invita-los-colombianos-verse-tratarse-hermanos","status":"publish","type":"post","link":"https:\/\/revistazetta.com\/?p=22211","title":{"rendered":"El Papa Francisco invita a los colombianos a verse y tratarse como hermanos"},"content":{"rendered":"<div>En su mensaje al pa\u00eds, el Papa Francisco reconoce la constancia de los colombianos para alcanzar la paz, la armon\u00eda y la fraternidad.<\/div>\n<div><span style=\"color: #0000ff;\">Vea el mensaje en este enlace:<\/span>\u00a0<a href=\"https:\/\/www.youtube.com\/watch?v=YqCR3sFLn9s\" target=\"_blank\" rel=\"noopener\">https:\/\/www.youtube.com\/watch?v=YqCR3sFLn9s<\/a><\/div>\n<div><\/div>\n<div>&#8216;Dar el primer paso nos anima a salir al encuentro del otro y extender la mano y darnos el signo de paz. Y la paz es la que Colombia busca desde hace mucho tiempo y trabaja para conseguirla. Una paz estable y duradera, para vernos y tratarnos como hermanos, nunca como enemigos&#8217;, afirm\u00f3 el Santo Padre al referirse al lema de este viaje pontificio &#8216;Demos el primer paso&#8217;.<\/div>\n<div><\/div>\n<div>En el video revelado por el Comit\u00e9 Ejecutivo de la Visita Apost\u00f3lica y la Conferencia Episcopal, el Papa manifest\u00f3 sentirse &#8216;honrado de visitar esta tierra rica en historia de cultura, de fe. De hombres y mujeres que han trabajado con tes\u00f3n y constancia para que sea un lugar donde reine la armon\u00eda y la fraternidad&#8217;.<\/div>\n<div><\/div>\n<div>El Sumo Pont\u00edfice se\u00f1al\u00f3 que vendr\u00e1 como peregrino de esperanza y paz para celebrar la fe en Cristo.<\/div>\n<div><\/div>\n<div>Antes de finalizar su mensaje de gratitud, reconciliaci\u00f3n y afecto, pidi\u00f3 a todos los colombianos rezar por \u00e9l, una solicitud que hace a los fieles desde el momento mismo de su elecci\u00f3n como el sucesor de Pedro No. 266.<\/div>\n<div><\/div>\n<div>&#8216;Queridos hermanas y hermanos colombianos: \u00a0deseo vivir estos d\u00edas con ustedes con \u00e1nimo gozoso, con gratitud al Se\u00f1or. Los abrazo con afecto y le pido al Se\u00f1or que los bendiga, que proteja vuestro pa\u00eds y les conceda la paz. Y a nuestra madre la Virgen Santa que los cuide&#8217;.<\/div>\n<div><\/div>\n","protected":false},"excerpt":{"rendered":"<p>En su mensaje al pa\u00eds, el Papa Francisco reconoce la constancia de los colombianos para alcanzar la paz, la armon\u00eda y la fraternidad. Vea el mensaje en este enlace:\u00a0https:\/\/www.youtube.com\/watch?v=YqCR3sFLn9s &#8216;Dar el primer paso nos anima a salir al encuentro del otro y extender la mano y darnos el signo de paz. Y la paz es la que Colombia busca desde hace mucho tiempo y trabaja para conseguirla. Una paz estable y duradera, para vernos y tratarnos como hermanos, nunca como enemigos&#8217;, afirm\u00f3 el Santo Padre al referirse al lema de&#8230; <\/p>\n","protected":false},"author":3,"featured_media":22212,"comment_status":"open","ping_status":"closed","sticky":false,"template":"","format":"standard","meta":{"footnotes":"","_links_to":"","_links_to_target":""},"categories":[2,75],"tags":[],"class_list":["post-22211","post","type-post","status-publish","format-standard","has-post-thumbnail","hentry","category-actualidad","category-destacada"],"_links":{"self":[{"href":"https:\/\/revistazetta.com\/index.php?rest_route=\/wp\/v2\/posts\/22211","targetHints":{"allow":["GET"]}}],"collection":[{"href":"https:\/\/revistazetta.com\/index.php?rest_route=\/wp\/v2\/posts"}],"about":[{"href":"https:\/\/revistazetta.com\/index.php?rest_route=\/wp\/v2\/types\/post"}],"author":[{"embeddable":true,"href":"https:\/\/revistazetta.com\/index.php?rest_route=\/wp\/v2\/users\/3"}],"replies":[{"embeddable":true,"href":"https:\/\/revistazetta.com\/index.php?rest_route=%2Fwp%2Fv2%2Fcomments&post=22211"}],"version-history":[{"count":0,"href":"https:\/\/revistazetta.com\/index.php?rest_route=\/wp\/v2\/posts\/22211\/revisions"}],"wp:featuredmedia":[{"embeddable":true,"href":"https:\/\/revistazetta.com\/index.php?rest_route=\/wp\/v2\/media\/22212"}],"wp:attachment":[{"href":"https:\/\/revistazetta.com\/index.php?rest_route=%2Fwp%2Fv2%2Fmedia&parent=22211"}],"wp:term":[{"taxonomy":"category","embeddable":true,"href":"https:\/\/revistazetta.com\/index.php?rest_route=%2Fwp%2Fv2%2Fcategories&post=22211"},{"taxonomy":"post_tag","embeddable":true,"href":"https:\/\/revistazetta.com\/index.php?rest_route=%2Fwp%2Fv2%2Ftags&post=22211"}],"curies":[{"name":"wp","href":"https:\/\/api.w.org\/{rel}","templated":true}]}}