{"id":22245,"date":"2017-09-07T06:13:23","date_gmt":"2017-09-07T11:13:23","guid":{"rendered":"http:\/\/www.revistazetta.com\/?p=22245"},"modified":"2017-09-07T06:13:23","modified_gmt":"2017-09-07T11:13:23","slug":"sed-pide-hojas-vida-tres-vacantes","status":"publish","type":"post","link":"https:\/\/revistazetta.com\/?p=22245","title":{"rendered":"SED pide hojas de vida para tres vacantes"},"content":{"rendered":"<p>La Secretar\u00eda de Educaci\u00f3n Distrital tiene tres vacantes temporales para docentes y desea proveerlas bajo los nuevos esquemas de meritocracia y transparencia confiados por el alcalde encargado Sergio Londo\u00f1o al secretario de Educaci\u00f3n Jaime Hern\u00e1ndez Am\u00edn.<br \/>\nLos interesados solo deber\u00e1n remitir su hoja de vida al correo hojasdevida@sedcartagena.gov.co para ser tenidos en cuenta.<br \/>\nLas tres vacantes temporales en provisionalidad son para las siguientes \u00e1reas: 1. Un docente de Lenguas Modernas para la IE La Milagrosa. 2. Un Docente de Lenguas Modernas para la IE Fe y Alegr\u00eda las Am\u00e9ricas. 3. Un Docente de Ciencias Naturales-F\u00edsica para la IE Fe y Alegr\u00eda Las Americas.<br \/>\nMarta P\u00e1ez Canencia, directora de Talento Humano de la SED, indic\u00f3 que se abre la presente oportunidad para aquellos interesados que cumplan con el perfil requerido y experiencia para aspirar a esta provisionalidad. Las hojas deben ser remitidas al correo institucional hojasdevida@sedcartagena.gov.co hasta el d\u00eda viernes 9 de septiembre a las 5 pm, para el respectivo estudio de perfil del cargo. #PorCartagena todo vale la pena.<br \/>\nEsta convocatoria surge del prop\u00f3sito de hacer a la Secretar\u00eda de Educaci\u00f3n m\u00e1s cercana a la comunidad y con procesos de meritocracia para incorporar talento humano<br \/>\nEl secretario de Educaci\u00f3n Distrital, Jaime Hern\u00e1ndez Am\u00edn, anunci\u00f3 al posesionarse que adoptar\u00e1 mecanismos de participaci\u00f3n para que las personas que trabajen en la SED consigan sus espacios por m\u00e9ritos. \u201cVamos a hacer convocatorias p\u00fablicas y por meritocracia, y que las personas que se contraten para ejercer cargos y tareas espec\u00edficas sean cartageneros del com\u00fan que sencillamente vean las convocatorias y apliquen a ellas y que ganen los espacios de trabajo por su capacidad y m\u00e9rito profesional\u201d.<\/p>\n","protected":false},"excerpt":{"rendered":"<p>La Secretar\u00eda de Educaci\u00f3n Distrital tiene tres vacantes temporales para docentes y desea proveerlas bajo los nuevos esquemas de meritocracia y transparencia confiados por el alcalde encargado Sergio Londo\u00f1o al secretario de Educaci\u00f3n Jaime Hern\u00e1ndez Am\u00edn. Los interesados solo deber\u00e1n remitir su hoja de vida al correo hojasdevida@sedcartagena.gov.co para ser tenidos en cuenta. Las tres vacantes temporales en provisionalidad son para las siguientes \u00e1reas: 1. Un docente de Lenguas Modernas para la IE La Milagrosa. 2. Un Docente de Lenguas Modernas para la IE Fe y Alegr\u00eda las Am\u00e9ricas. 3&#8230;. <\/p>\n","protected":false},"author":3,"featured_media":0,"comment_status":"open","ping_status":"closed","sticky":false,"template":"","format":"standard","meta":{"footnotes":"","_links_to":"","_links_to_target":""},"categories":[32],"tags":[],"class_list":["post-22245","post","type-post","status-publish","format-standard","hentry","category-actualidad-distrito"],"_links":{"self":[{"href":"https:\/\/revistazetta.com\/index.php?rest_route=\/wp\/v2\/posts\/22245","targetHints":{"allow":["GET"]}}],"collection":[{"href":"https:\/\/revistazetta.com\/index.php?rest_route=\/wp\/v2\/posts"}],"about":[{"href":"https:\/\/revistazetta.com\/index.php?rest_route=\/wp\/v2\/types\/post"}],"author":[{"embeddable":true,"href":"https:\/\/revistazetta.com\/index.php?rest_route=\/wp\/v2\/users\/3"}],"replies":[{"embeddable":true,"href":"https:\/\/revistazetta.com\/index.php?rest_route=%2Fwp%2Fv2%2Fcomments&post=22245"}],"version-history":[{"count":0,"href":"https:\/\/revistazetta.com\/index.php?rest_route=\/wp\/v2\/posts\/22245\/revisions"}],"wp:attachment":[{"href":"https:\/\/revistazetta.com\/index.php?rest_route=%2Fwp%2Fv2%2Fmedia&parent=22245"}],"wp:term":[{"taxonomy":"category","embeddable":true,"href":"https:\/\/revistazetta.com\/index.php?rest_route=%2Fwp%2Fv2%2Fcategories&post=22245"},{"taxonomy":"post_tag","embeddable":true,"href":"https:\/\/revistazetta.com\/index.php?rest_route=%2Fwp%2Fv2%2Ftags&post=22245"}],"curies":[{"name":"wp","href":"https:\/\/api.w.org\/{rel}","templated":true}]}}