{"id":22350,"date":"2017-09-11T16:44:35","date_gmt":"2017-09-11T21:44:35","guid":{"rendered":"http:\/\/www.revistazetta.com\/?p=22350"},"modified":"2017-09-11T17:17:57","modified_gmt":"2017-09-11T22:17:57","slug":"mas-200-musicos-se-reunen-las-clinicas-instrumentales-unibac","status":"publish","type":"post","link":"https:\/\/revistazetta.com\/?p=22350","title":{"rendered":"M\u00e1s de 200 m\u00fasicos en las Cl\u00ednicas Instrumentales de Unibac"},"content":{"rendered":"<p>M\u00e1s de 200 m\u00fasicos de diferentes regiones de Colombia se reunir\u00e1n durante toda esta semana en la Instituci\u00f3n Universitaria Bellas Artes y Ciencias de Bol\u00edvar (Unibac) para las Cl\u00ednicas Instrumentales 2017, un proyecto de educaci\u00f3n continua que incluye conferencias, clases magistrales, talleres y conciertos, bajo la tutor\u00eda de reconocidos maestros internacionales.<\/p>\n<p>Este lunes fue inaugurada una nueva versi\u00f3n, que cuenta dentro de su n\u00f3mina de invitados extranjeros al violinista suizo Martin Masan, el pianista ruso Semyon Vlasov, la violista israel\u00ed Ingrid Zur, soprano estadounidense Sarah Davis y la flautista estadounidense Lindsey Keay. Los colombianos invitados son el luthier Alessandro Alberi, el guitarrista Santiago Sandoval, el trompetista Juan Fernando Avenda\u00f1o, el trompetista Johnny Edison Lucero Calvachi, el cornista Erwin Gerardo Rubio Herrera, el tubista Juan Erney Sep\u00falveda Orrego y el trombonista Giovanni Scarpetta D\u00edaz.<\/p>\n<p>Los participantes son m\u00fasicos profesionales, estudiantes y docentes del Conservatorio de M\u00fasica de Unibac, la Universidad del Norte, la Universidad del Atl\u00e1ntico, Unireformada de Barranquilla, Comfenalco Bol\u00edvar y el Conservatorio del Tolima, entre otros.<\/p>\n<p>Las Cl\u00ednicas Instrumentales se desarrollan dentro de la l\u00ednea misional de Internacionalizaci\u00f3n del Conservatorio de M\u00fasica Adolfo Mej\u00eda de Unibac, en alianza con la Asociaci\u00f3n Nacional de M\u00fasica Sinf\u00f3nica y el apoyo de la Embajada de Alemania y la Universidad del Sur de Mississippi.<\/p>\n<p><strong>Conciertos p\u00fablicos<\/strong><\/p>\n<p>Como parte de la Cl\u00ednicas Instrumentales se ofrecer\u00e1n tres conciertos abiertos al p\u00fablico:<\/p>\n<p><strong>Mi\u00e9rcoles 13 de septiembre, 6:00 p.m., Colegio Comfenalco.<\/strong><\/p>\n<p>Quinteto Bronce Sinf\u00f3nica Nacional de Colombia.<\/p>\n<p><strong>Jueves 14 de septiembre, 6:00 p.m., Sal\u00f3n Pierre Daguet de Unibac.<\/strong><\/p>\n<p>Banda Sinf\u00f3nica, la Orquesta de Cuerdas y Taller de \u00d3pera.<\/p>\n<p><strong>Viernes 15 de septiembre, 6:00 p.m., Sal\u00f3n Pierre Daguet de Unibac.<\/strong><\/p>\n<p>Orquesta Sinf\u00f3nica de Bol\u00edvar.<\/p>\n<p>&nbsp;<\/p>\n","protected":false},"excerpt":{"rendered":"<p>M\u00e1s de 200 m\u00fasicos de diferentes regiones de Colombia se reunir\u00e1n durante toda esta semana en la Instituci\u00f3n Universitaria Bellas Artes y Ciencias de Bol\u00edvar (Unibac) para las Cl\u00ednicas Instrumentales 2017, un proyecto de educaci\u00f3n continua que incluye conferencias, clases magistrales, talleres y conciertos, bajo la tutor\u00eda de reconocidos maestros internacionales. Este lunes fue inaugurada una nueva versi\u00f3n, que cuenta dentro de su n\u00f3mina de invitados extranjeros al violinista suizo Martin Masan, el pianista ruso Semyon Vlasov, la violista israel\u00ed Ingrid Zur, soprano estadounidense Sarah Davis y la flautista estadounidense&#8230; <\/p>\n","protected":false},"author":3,"featured_media":22351,"comment_status":"open","ping_status":"closed","sticky":false,"template":"","format":"standard","meta":{"footnotes":"","_links_to":"","_links_to_target":""},"categories":[41,43],"tags":[],"class_list":["post-22350","post","type-post","status-publish","format-standard","has-post-thumbnail","hentry","category-cultura","category-cultura-musica"],"_links":{"self":[{"href":"https:\/\/revistazetta.com\/index.php?rest_route=\/wp\/v2\/posts\/22350","targetHints":{"allow":["GET"]}}],"collection":[{"href":"https:\/\/revistazetta.com\/index.php?rest_route=\/wp\/v2\/posts"}],"about":[{"href":"https:\/\/revistazetta.com\/index.php?rest_route=\/wp\/v2\/types\/post"}],"author":[{"embeddable":true,"href":"https:\/\/revistazetta.com\/index.php?rest_route=\/wp\/v2\/users\/3"}],"replies":[{"embeddable":true,"href":"https:\/\/revistazetta.com\/index.php?rest_route=%2Fwp%2Fv2%2Fcomments&post=22350"}],"version-history":[{"count":0,"href":"https:\/\/revistazetta.com\/index.php?rest_route=\/wp\/v2\/posts\/22350\/revisions"}],"wp:featuredmedia":[{"embeddable":true,"href":"https:\/\/revistazetta.com\/index.php?rest_route=\/wp\/v2\/media\/22351"}],"wp:attachment":[{"href":"https:\/\/revistazetta.com\/index.php?rest_route=%2Fwp%2Fv2%2Fmedia&parent=22350"}],"wp:term":[{"taxonomy":"category","embeddable":true,"href":"https:\/\/revistazetta.com\/index.php?rest_route=%2Fwp%2Fv2%2Fcategories&post=22350"},{"taxonomy":"post_tag","embeddable":true,"href":"https:\/\/revistazetta.com\/index.php?rest_route=%2Fwp%2Fv2%2Ftags&post=22350"}],"curies":[{"name":"wp","href":"https:\/\/api.w.org\/{rel}","templated":true}]}}