{"id":22352,"date":"2017-09-11T17:15:56","date_gmt":"2017-09-11T22:15:56","guid":{"rendered":"http:\/\/www.revistazetta.com\/?p=22352"},"modified":"2017-09-11T17:15:56","modified_gmt":"2017-09-11T22:15:56","slug":"bolivar-se-sube-al-bus-del-turismo","status":"publish","type":"post","link":"https:\/\/revistazetta.com\/?p=22352","title":{"rendered":"Bol\u00edvar se sube al bus del turismo"},"content":{"rendered":"<p class=\"m_-7686700784264801655gmail-m_-2433799709345096379gmail-MsoNoSpacing\">Del 12 de septiembre al 12 de octubre la Oficina M\u00f3vil del Ministerio de Comercio, Industria y Turismo estar\u00e1 recorriendo algunas poblaciones del Departamento, incluyendo Cartagena, llevando su oferta institucional.<\/p>\n<p class=\"m_-7686700784264801655gmail-m_-2433799709345096379gmail-MsoNoSpacing\">Se trata de un bus equipado y dotado para llevar la oferta institucional del Mincit y sus entidades adscritas, a cada uno de los municipios identificados en la Estrategia de Corredores Tur\u00edsticos 2017-2018, que en el caso de Bol\u00edvar son Santa Catalina (corregimiento de Galerazamba y Volc\u00e1n del Totumo), Turbaco, Cartagena, Mahates y el corregimiento de Palenque, San Juan, San Jacinto, El Carmen de Bol\u00edvar y Mompox.<\/p>\n<p class=\"m_-7686700784264801655gmail-m_-2433799709345096379gmail-MsoNoSpacing\">Esta agenda del Mincit se cumple con el apoyo del gobierno del Bol\u00edvar S\u00ed Avanza, a trav\u00e9s del Instituto de Cultura y Turismo (Icultur), con el objetivo de llegar hasta Base empresarial del sector turismo como los hoteles, restaurantes, gu\u00edas de turismo, entre otros actores de este importante sector que viene en franco crecimiento en el Departamento.<\/p>\n<p class=\"m_-7686700784264801655gmail-m_-2433799709345096379gmail-MsoNoSpacing\">Desde el mes de junio, y por 396 d\u00edas, Mincit tiene en marcha cuatro buses, equipados como oficinas m\u00f3viles, por 282 municipios del pa\u00eds capacitando a los prestadores del servicio tur\u00edstico.<\/p>\n<p class=\"m_-7686700784264801655gmail-m_-2433799709345096379gmail-MsoNoSpacing\">Para Lucy Espinosa, directora General de Icultur, esta iniciativa del Gobierno nacional coadyuva a las directrices del Bol\u00edvar S\u00ed Avanza para lograr el fortalecimiento y formalizaci\u00f3n del sector tur\u00edstico, a trav\u00e9s de capacitaciones que ayudan a mejorar el servicio.<\/p>\n<p class=\"m_-7686700784264801655gmail-m_-2433799709345096379gmail-MsoNoSpacing\">Por su parte, Dumek Turbay, gobernador de Bol\u00edvar, expres\u00f3 que este Departamento sigue trabajando en cultura y turismo para la paz, y que eso solo se logra entregando las herramientas apropiadas para los actores de este sector.<\/p>\n","protected":false},"excerpt":{"rendered":"<p>Del 12 de septiembre al 12 de octubre la Oficina M\u00f3vil del Ministerio de Comercio, Industria y Turismo estar\u00e1 recorriendo algunas poblaciones del Departamento, incluyendo Cartagena, llevando su oferta institucional. Se trata de un bus equipado y dotado para llevar la oferta institucional del Mincit y sus entidades adscritas, a cada uno de los municipios identificados en la Estrategia de Corredores Tur\u00edsticos 2017-2018, que en el caso de Bol\u00edvar son Santa Catalina (corregimiento de Galerazamba y Volc\u00e1n del Totumo), Turbaco, Cartagena, Mahates y el corregimiento de Palenque, San Juan, San&#8230; <\/p>\n","protected":false},"author":3,"featured_media":22353,"comment_status":"open","ping_status":"closed","sticky":false,"template":"","format":"standard","meta":{"footnotes":"","_links_to":"","_links_to_target":""},"categories":[6],"tags":[],"class_list":["post-22352","post","type-post","status-publish","format-standard","has-post-thumbnail","hentry","category-turismo"],"_links":{"self":[{"href":"https:\/\/revistazetta.com\/index.php?rest_route=\/wp\/v2\/posts\/22352","targetHints":{"allow":["GET"]}}],"collection":[{"href":"https:\/\/revistazetta.com\/index.php?rest_route=\/wp\/v2\/posts"}],"about":[{"href":"https:\/\/revistazetta.com\/index.php?rest_route=\/wp\/v2\/types\/post"}],"author":[{"embeddable":true,"href":"https:\/\/revistazetta.com\/index.php?rest_route=\/wp\/v2\/users\/3"}],"replies":[{"embeddable":true,"href":"https:\/\/revistazetta.com\/index.php?rest_route=%2Fwp%2Fv2%2Fcomments&post=22352"}],"version-history":[{"count":0,"href":"https:\/\/revistazetta.com\/index.php?rest_route=\/wp\/v2\/posts\/22352\/revisions"}],"wp:featuredmedia":[{"embeddable":true,"href":"https:\/\/revistazetta.com\/index.php?rest_route=\/wp\/v2\/media\/22353"}],"wp:attachment":[{"href":"https:\/\/revistazetta.com\/index.php?rest_route=%2Fwp%2Fv2%2Fmedia&parent=22352"}],"wp:term":[{"taxonomy":"category","embeddable":true,"href":"https:\/\/revistazetta.com\/index.php?rest_route=%2Fwp%2Fv2%2Fcategories&post=22352"},{"taxonomy":"post_tag","embeddable":true,"href":"https:\/\/revistazetta.com\/index.php?rest_route=%2Fwp%2Fv2%2Ftags&post=22352"}],"curies":[{"name":"wp","href":"https:\/\/api.w.org\/{rel}","templated":true}]}}