{"id":22415,"date":"2017-09-16T08:44:12","date_gmt":"2017-09-16T13:44:12","guid":{"rendered":"http:\/\/www.revistazetta.com\/?p=22415"},"modified":"2017-09-16T08:44:12","modified_gmt":"2017-09-16T13:44:12","slug":"fiebre-nameton-continua-este-fin-semana","status":"publish","type":"post","link":"https:\/\/revistazetta.com\/?p=22415","title":{"rendered":"Fiebre por \u00d1amet\u00f3n contin\u00faa este fin de semana"},"content":{"rendered":"<p><img loading=\"lazy\" decoding=\"async\" class=\"alignright size-medium wp-image-22398\" src=\"https:\/\/www.revistazetta.com\/wp-content\/uploads\/2017\/09\/WhatsApp-Image-2017-09-14-at-09.19.01-300x188.jpeg\" alt=\"\" width=\"300\" height=\"188\" \/>Ha sido tan alta la fiebre que despert\u00f3 el \u00d1amet\u00f3n que no solo vendi\u00f3 todas sus existencias el pasado jueves, sino que continuar\u00e1 este fin de semana en el parque Esp\u00edritu del Manglar.<\/p>\n<p>Desde las seis de la ma\u00f1ana este jueves, se pudieron observar a un gran n\u00famero de ciudadanos rodeando los camiones cargados con toneladas de \u00f1ame, provenientes de los Montes de Mar\u00eda. El motivo era una jornada que el gobernador de Bol\u00edva, Dumek Turbay Paz, denomin\u00f3 como la \u00d1amet\u00f3n, que consisti\u00f3 en apoyar una gran producci\u00f3n de \u00f1ame proveniente del Carmen de Bol\u00edvar y San Juan para su venta inmediata, lo cual se cumpli\u00f3 a cabalidad.<\/p>\n<p>El saldo que dej\u00f3 esta jornada fue de 32 toneladas de \u00f1ame vendidas, generando como ganancia $47 millones de pesos, con los \u00a0cuales \u00a0se beneficiaron m\u00e1s de 60 campesinos de la regi\u00f3n montemariana. Sumado a esto, se establecieron unas nuevas alianzas comerciales con importantes supermercados de cadena como Olimpica, Jumbo, Megatiendas y otras empresas mayoristas.<\/p>\n<p>Este espacio fue m\u00e1s que propicio para que un producto c\u00f3mo el \u00f1ame, que s\u00f3lo es conocido en la regi\u00f3n del Caribe colombiano, se analizara a fondo a partir de un video viral que se difundi\u00f3 por la redes sociales, y que estuvo dirigido por los mismos campesinos \u201cyoutubers\u201d de la regi\u00f3n. La \u201c\u00d1amet\u00f3n\u201d propuesta posteriormente por el gobernador Turbay, fue una oportunidad sin precedentes para discutir, reflexionar y proponer estrategias alrededor de toda la importancia que reviste este producto de los Montes de Mar\u00eda, a partir de sus ricos nutrientes y sus propiedades eficaces para hacerle frente a enfermedades inflamatorias como la artritis, eliminaci\u00f3n de toxinas y depuraci\u00f3n \u00a0del organismo ante muchas impurezas que causan enfermedades.<\/p>\n<p><img loading=\"lazy\" decoding=\"async\" class=\"alignright size-medium wp-image-22410\" src=\"https:\/\/www.revistazetta.com\/wp-content\/uploads\/2017\/09\/WhatsApp-Image-2017-09-14-at-17.01.39-300x188.jpeg\" alt=\"\" width=\"300\" height=\"188\" \/>De igual modo, el Gobernador de Bol\u00edvar en el marco de esta actividad, lider\u00f3 tambi\u00e9n un encuentro con el viceministro de asuntos agropecuarios, Luis Miguel Pico Pastrana; la directora de la Fundaci\u00f3n Semana, Claudia Garc\u00eda; la directora ejecutiva de la C\u00e1mara de Comercio, Mar\u00eda Claudia P\u00e1ez; y representantes de restaurantes y del sector hotelero de la ciudad de Cartagena, para empezar a definir una estructura eficiente de comercializaci\u00f3n de lo que en adelante se denominar\u00e1 el <em>Cl\u00faster de tub\u00e9rculos. <\/em><\/p>\n<p>Durante este encuentro, el primer mandatario de los bolivarenses resalt\u00f3 que ya hab\u00eda llegado la hora de apoyar al campesinado bolivarense con hechos concretos y contundentes, puesto que el pa\u00eds ya hab\u00eda superado su fase m\u00e1s compleja de violencia y desolaci\u00f3n, que durante tanto tiempo le impidi\u00f3 al campesinado trabajar su tierra. Esa que en un pasado les tocaba abandonar por la fuerza de los grupos armados.<\/p>\n<p>Pero hoy, gracias a los acuerdos de paz, muchas poblaciones de campesinos han vuelto a sus territorios y sus actividades del campo. Por lo que Turbay Paz hizo un llamado al ministerio de agricultura y al ministerio de industria y turismo, para que en pocos d\u00edas realicen conjuntamente un recorrido por la regi\u00f3n montemariana y de caras al campesinado.<\/p>\n<p><strong>\u201c<\/strong>Me alegra que hoy se encuentren mandatarios de otras regiones ratificando la importancia que tienen los campesinos para el desarrollo de la Regi\u00f3n Caribe y el pa\u00eds. Hoy se evidencia que los campesinos de los Montes de Mar\u00eda no est\u00e1n solos, hay una enorme solidaridad. Cartagena, el Caribe y Colombia est\u00e1 con ellos, y vamos a\u00a0 estructurar un plan de comercializaci\u00f3n, para que todo lo que siembren los campesinos montemarianos tenga una venta asegurada\u201d, asever\u00f3 Dumek Turbay, gobernador de Bol\u00edvar.<\/p>\n<p><strong><em>Una jornada en beneficio de los campesinos de los Montes de Mar\u00eda<\/em><\/strong><\/p>\n<p><img loading=\"lazy\" decoding=\"async\" class=\"alignright size-medium wp-image-22403\" src=\"https:\/\/www.revistazetta.com\/wp-content\/uploads\/2017\/09\/WhatsApp-Image-2017-09-14-at-09.58.53-300x188.jpeg\" alt=\"\" width=\"300\" height=\"188\" \/>Esta actividad del \u00d1amet\u00f3n cont\u00f3 con una gran muestra gastron\u00f3mica en donde los campesinos y cocineras de San Cayetano, corregimiento de San Juan Nepomuceno tuvieron la oportunidad de vender el \u00f1ame en sus diferentes presentaciones, desde brownies y pizzas hasta el exquisito mote de queso, acompa\u00f1ados de los m\u00e1s diversos ingredientes.<\/p>\n<p>En horas de la tarde, asistieron a este encuentro el gobernador de Antioquia Luis P\u00e9rez, el alcalde de Barranquilla Alex Char, el alcalde (e) de Cartagena Sergio Londo\u00f1o, el senador Lidio Garc\u00eda y el representante a la C\u00e1mara Silvio Carrasquilla, el equipo de Real Cartagena, \u00a0periodistas de la ciudad y otros l\u00edderes de la regi\u00f3n.<\/p>\n<p>Seguidamente, el gobernador lider\u00f3 un conversatorio con los campesinos y representantes de las comunidades de la Alta Monta\u00f1a Montemariana, para reflexionar sobre esta importante regi\u00f3n que reclama un acompa\u00f1amiento por parte del estado y la ciudadan\u00eda en general, para la promoci\u00f3n y venta de sus productos tradicionales, como lo son el \u00f1ame, la yuca, el ma\u00edz, el pl\u00e1tano, el aguacate, entre otros.<\/p>\n<p>\u201cQuiero felicitar a Dumek Turbay porque ha dado un importante ejemplo al pa\u00eds, en solidaridad frente a un sector olvidado por gran parte de los colombianos como son los campesinos. Yo creo que nos ha quedado claro el mensaje, de que es nuestra obligaci\u00f3n como mandatarios respaldar a todos los campesinos de Colombia. As\u00ed es c\u00f3mo se construye la paz\u201d, expres\u00f3 Alex Char, alcalde de Barranquilla.<\/p>\n<p>Por su parte, el gobernador de Antioquia, Luis P\u00e9rez, tambi\u00e9n se uni\u00f3 a esta importante jornada, por lo que expres\u00f3. \u201cLos campesinos son imprescindibles no solo para Colombia sino para toda la humanidad. Sin campesinos no puede haber alimentos. Por eso es tan importante este evento que hoy le da a Colombia el gobernador Dumek Turbay, porque a trav\u00e9s de \u00e9l, podemos tomar conciencia de la importancia de proteger al campesino colombiano\u201d.<\/p>\n<p>Los campesinos relataron como nunca se imaginaron este \u00e9xito, dudaron a la hora de llenar los camiones rumbo a Cartagena pensando incluso que se devolver\u00edan sin vender el producto de la cosecha. Sin embargo una gran alegr\u00eda los alcanz\u00f3 desde las 10 de la ma\u00f1ana, cuando ya hab\u00edan vendido los 3 camiones que llegaron repletos del tub\u00e9rculo, obligando a que tres dobletroques m\u00e1s salieran de El Carmen y San Juan llenos de m\u00e1s \u00f1ame, que los cartageneros ansiaban comprar. Al final, siendo m\u00e1s de las 6 de la tarde el \u00f1ame se segu\u00eda vendiendo y los campesinos atestiguaban la dicha de ver sus productos agotarse.<\/p>\n","protected":false},"excerpt":{"rendered":"<p>Ha sido tan alta la fiebre que despert\u00f3 el \u00d1amet\u00f3n que no solo vendi\u00f3 todas sus existencias el pasado jueves, sino que continuar\u00e1 este fin de semana en el parque Esp\u00edritu del Manglar. Desde las seis de la ma\u00f1ana este jueves, se pudieron observar a un gran n\u00famero de ciudadanos rodeando los camiones cargados con toneladas de \u00f1ame, provenientes de los Montes de Mar\u00eda. El motivo era una jornada que el gobernador de Bol\u00edva, Dumek Turbay Paz, denomin\u00f3 como la \u00d1amet\u00f3n, que consisti\u00f3 en apoyar una gran producci\u00f3n de \u00f1ame&#8230; <\/p>\n","protected":false},"author":3,"featured_media":22416,"comment_status":"open","ping_status":"closed","sticky":false,"template":"","format":"standard","meta":{"footnotes":"","_links_to":"","_links_to_target":""},"categories":[2,75],"tags":[],"class_list":["post-22415","post","type-post","status-publish","format-standard","has-post-thumbnail","hentry","category-actualidad","category-destacada"],"_links":{"self":[{"href":"https:\/\/revistazetta.com\/index.php?rest_route=\/wp\/v2\/posts\/22415","targetHints":{"allow":["GET"]}}],"collection":[{"href":"https:\/\/revistazetta.com\/index.php?rest_route=\/wp\/v2\/posts"}],"about":[{"href":"https:\/\/revistazetta.com\/index.php?rest_route=\/wp\/v2\/types\/post"}],"author":[{"embeddable":true,"href":"https:\/\/revistazetta.com\/index.php?rest_route=\/wp\/v2\/users\/3"}],"replies":[{"embeddable":true,"href":"https:\/\/revistazetta.com\/index.php?rest_route=%2Fwp%2Fv2%2Fcomments&post=22415"}],"version-history":[{"count":0,"href":"https:\/\/revistazetta.com\/index.php?rest_route=\/wp\/v2\/posts\/22415\/revisions"}],"wp:featuredmedia":[{"embeddable":true,"href":"https:\/\/revistazetta.com\/index.php?rest_route=\/wp\/v2\/media\/22416"}],"wp:attachment":[{"href":"https:\/\/revistazetta.com\/index.php?rest_route=%2Fwp%2Fv2%2Fmedia&parent=22415"}],"wp:term":[{"taxonomy":"category","embeddable":true,"href":"https:\/\/revistazetta.com\/index.php?rest_route=%2Fwp%2Fv2%2Fcategories&post=22415"},{"taxonomy":"post_tag","embeddable":true,"href":"https:\/\/revistazetta.com\/index.php?rest_route=%2Fwp%2Fv2%2Ftags&post=22415"}],"curies":[{"name":"wp","href":"https:\/\/api.w.org\/{rel}","templated":true}]}}