{"id":22439,"date":"2017-09-18T15:33:52","date_gmt":"2017-09-18T20:33:52","guid":{"rendered":"http:\/\/www.revistazetta.com\/?p=22439"},"modified":"2017-09-18T15:33:52","modified_gmt":"2017-09-18T20:33:52","slug":"maestro-oscar-acevedo-presenta-disco-toda-costa-vi-festival-jazz-mompox","status":"publish","type":"post","link":"https:\/\/revistazetta.com\/?p=22439","title":{"rendered":"El maestro\u00a0\u00d3scar\u00a0Acevedo\u00a0presenta su disco \u201cA Toda Costa\u201d en el VI Festival de Jazz de Mompox"},"content":{"rendered":"<blockquote><p><strong><em>La sexta versi\u00f3n del festival se realizar\u00e1 del 21 al 23 de septiembre.\u00a0<\/em><em>\u201c<\/em><em>El Festival de Jazz de Mompox ha logrado posicionarse r\u00e1pidamente en el medio musical colombiano, gracias a un programa diverso que abarca varios g\u00e9neros musicales\u201d,\u00a0\u00d3scarAcevedo.<\/em><\/strong><\/p><\/blockquote>\n<p>En el marco de la edici\u00f3n VI del festival de jazz de Mompox \u201c<em>Una puerta abierta al ritmo de la filigrana<\/em>\u201d, del 21 al 23 de septiembre de 2017, el pianista precursor del jazz colombiano,\u00a0Oscar\u00a0Acevedo\u00a0presenta \u201c<em>A Toda Costa<\/em>\u201d, su m\u00e1s reciente disco\u00a0que recoge canciones creadas en a\u00f1os recientes, inspiradas en sus vivencias como m\u00fasico y profesor de la Universidad de los Andes.<\/p>\n<p>Este importante evento a trav\u00e9s del cual se promociona Mompox, declarado por la Unesco como Patrimonio de la Humanidad, como destino tur\u00edstico, es organizado por el gobierno del Bol\u00edvar S\u00ed Avanza a trav\u00e9s del Instituto de Cultura y Turismo (Icultur) del Departamento.<\/p>\n<p>El\u00a0concierto en el que el maestro\u00a0Acevedo\u00a0presentar\u00e1 su trabajo musical, tendr\u00e1 lugar en la Plaza Santa B\u00e1rbara el 23 de septiembre a las 8:00 pm., e incluye un\u00a0repertorio que busca regresar al sonido de fusi\u00f3n caracter\u00edstico de los a\u00f1os ochenta.<\/p>\n<p>En \u201c<em>A Toda Costa<\/em>\u201d cada pieza es un mundo particular, que permite pasar del espacio por momentos et\u00e9reo de\u00a0<strong><em>Embrujo Guane,\u00a0<\/em><\/strong>dedicado al festival de Barichara cuya intenci\u00f3n es recoger los intensos colores del paisaje Guane en medio de la bruma, con el impresionante ca\u00f1\u00f3n del R\u00edo Su\u00e1rez de fondo,\u00a0al tema contagioso de\u00a0<strong><em>El Retraso<\/em><\/strong>, que\u00a0parte de un ejercicio de acordes con intervalos de cuartas justas compuesto en el sal\u00f3n de clase esperando a que llegaran los alumnos,\u00a0<strong><em>Churubico,\u00a0<\/em><\/strong>(expresi\u00f3n santandereana para bucle) el cual hace parte de un audiovisual dedicado a la obra arquitect\u00f3nica de Roberto Rodr\u00edguez Silva, quien fue adem\u00e1s el pionero del jazz en la radio colombiana,\u00a0y aterrizar en el beat anglo de\u00a0<strong><em>Cosquillazz<\/em><\/strong>,\u00a0es un tema de 16 compases en el que la guitarra el\u00e9ctrica juega un papel clave, sobre todo en la improvisaci\u00f3n,entre otros temas que incluye este proyecto musical.<\/p>\n<p>Seg\u00fan el\u00a0Maestro\u00a0\u00d3scar\u00a0Acevedo, \u201cel Festival de Jazz de Mompox ha logrado posicionarse r\u00e1pidamente en el medio musical colombiano, gracias a un programa diverso que abarca varios g\u00e9neros musicales. Gracias a la oportunidad que he tenido de participar en varias ediciones mi m\u00fasica tiene presencia en la costa caribe colombiana\u201d.<\/p>\n<p>Para la directora de Icultur, Lucy Espinosa D\u00edaz, la participaci\u00f3n del maestro\u00a0\u00d3scar\u00a0Acevedo\u00a0garantiza que todos los asistentes disfruten de una extraordinaria presentaci\u00f3n, toda vez que es\u00a0considerado uno de los m\u00e1s representativos m\u00fasicos de jazz colombiano. \u201cEs un m\u00fasico que ama lo que hace y le gusta tocar para el p\u00fablico. No dudamos que Mompox es un gran escenario para el lanzamiento de este nuevo trabajo discogr\u00e1fico que alimenta nuestra parrilla musical\u201d, expresa Lucy Espinosa.<\/p>\n<p>Por su parte el gobernador Dumek Turbay, expres\u00f3 que el Bol\u00edvar S\u00ed Avanza mantiene su compromiso para que el Festival de Jazz de Mompox sigua ratificando su papel protag\u00f3nico en el que busca impulsar la cultura y el turismo para la paz, as\u00ed como continuar posicionando a Mompox como un destino de turismo cultural del pa\u00eds.<\/p>\n","protected":false},"excerpt":{"rendered":"<p>La sexta versi\u00f3n del festival se realizar\u00e1 del 21 al 23 de septiembre.\u00a0\u201cEl Festival de Jazz de Mompox ha logrado posicionarse r\u00e1pidamente en el medio musical colombiano, gracias a un programa diverso que abarca varios g\u00e9neros musicales\u201d,\u00a0\u00d3scarAcevedo. En el marco de la edici\u00f3n VI del festival de jazz de Mompox \u201cUna puerta abierta al ritmo de la filigrana\u201d, del 21 al 23 de septiembre de 2017, el pianista precursor del jazz colombiano,\u00a0Oscar\u00a0Acevedo\u00a0presenta \u201cA Toda Costa\u201d, su m\u00e1s reciente disco\u00a0que recoge canciones creadas en a\u00f1os recientes, inspiradas en sus vivencias como&#8230; <\/p>\n","protected":false},"author":3,"featured_media":22440,"comment_status":"open","ping_status":"closed","sticky":false,"template":"","format":"standard","meta":{"footnotes":"","_links_to":"","_links_to_target":""},"categories":[41,43],"tags":[],"class_list":["post-22439","post","type-post","status-publish","format-standard","has-post-thumbnail","hentry","category-cultura","category-cultura-musica"],"_links":{"self":[{"href":"https:\/\/revistazetta.com\/index.php?rest_route=\/wp\/v2\/posts\/22439","targetHints":{"allow":["GET"]}}],"collection":[{"href":"https:\/\/revistazetta.com\/index.php?rest_route=\/wp\/v2\/posts"}],"about":[{"href":"https:\/\/revistazetta.com\/index.php?rest_route=\/wp\/v2\/types\/post"}],"author":[{"embeddable":true,"href":"https:\/\/revistazetta.com\/index.php?rest_route=\/wp\/v2\/users\/3"}],"replies":[{"embeddable":true,"href":"https:\/\/revistazetta.com\/index.php?rest_route=%2Fwp%2Fv2%2Fcomments&post=22439"}],"version-history":[{"count":0,"href":"https:\/\/revistazetta.com\/index.php?rest_route=\/wp\/v2\/posts\/22439\/revisions"}],"wp:featuredmedia":[{"embeddable":true,"href":"https:\/\/revistazetta.com\/index.php?rest_route=\/wp\/v2\/media\/22440"}],"wp:attachment":[{"href":"https:\/\/revistazetta.com\/index.php?rest_route=%2Fwp%2Fv2%2Fmedia&parent=22439"}],"wp:term":[{"taxonomy":"category","embeddable":true,"href":"https:\/\/revistazetta.com\/index.php?rest_route=%2Fwp%2Fv2%2Fcategories&post=22439"},{"taxonomy":"post_tag","embeddable":true,"href":"https:\/\/revistazetta.com\/index.php?rest_route=%2Fwp%2Fv2%2Ftags&post=22439"}],"curies":[{"name":"wp","href":"https:\/\/api.w.org\/{rel}","templated":true}]}}