{"id":22441,"date":"2017-09-18T16:52:44","date_gmt":"2017-09-18T21:52:44","guid":{"rendered":"http:\/\/www.revistazetta.com\/?p=22441"},"modified":"2017-09-18T16:52:44","modified_gmt":"2017-09-18T21:52:44","slug":"sandra-villadiego-ya-formula-camara-cundinamarca","status":"publish","type":"post","link":"https:\/\/revistazetta.com\/?p=22441","title":{"rendered":"Sandra Villadiego ya tiene f\u00f3rmula de C\u00e1mara en Cundinamarca"},"content":{"rendered":"<p><img loading=\"lazy\" decoding=\"async\" class=\"alignright size-medium wp-image-22443\" src=\"https:\/\/www.revistazetta.com\/wp-content\/uploads\/2017\/09\/2017-09-16-PHOTO-00000032-300x188.jpg\" alt=\"\" width=\"300\" height=\"188\" srcset=\"https:\/\/revistazetta.com\/wp-content\/uploads\/2017\/09\/2017-09-16-PHOTO-00000032-300x188.jpg 300w, https:\/\/revistazetta.com\/wp-content\/uploads\/2017\/09\/2017-09-16-PHOTO-00000032.jpg 1024w, https:\/\/revistazetta.com\/wp-content\/uploads\/2017\/09\/2017-09-16-PHOTO-00000032-234x146.jpg 234w, https:\/\/revistazetta.com\/wp-content\/uploads\/2017\/09\/2017-09-16-PHOTO-00000032-50x31.jpg 50w, https:\/\/revistazetta.com\/wp-content\/uploads\/2017\/09\/2017-09-16-PHOTO-00000032-120x75.jpg 120w\" sizes=\"auto, (max-width: 300px) 100vw, 300px\" \/>El exsenador Carlos Ferro, quien se desempe\u00f1\u00f3 en el gobierno Santos como viceministro del Interior, ser\u00e1 candidato a la C\u00e1mara por Cundinamarca, en f\u00f3rmula que acompa\u00f1ar\u00e1 a la senadora Sandra Villadiego, quien aspira a la reelecci\u00f3n.<\/p>\n<p>Precisamente en esa ciudad cundinamarquesa, la senadora Sandra Villadiego inici\u00f3 su recorrido \u201cPor los Caminos de Colombia\u201d, en el cual ir\u00e1 destapando sus f\u00f3rmulas para C\u00e1mara de Representantes en distintas regiones del pa\u00eds.<\/p>\n<p>El candidato a la C\u00e1mara en Cindunamarca, Carlos Ferro, aspir\u00f3 en las pasadas elecciones al Senado, logrando m\u00e1s de 50 mil votos, pero no alcanz\u00f3 la curul por escasos 1.200 votos.<\/p>\n<p>Ferro trabaja en esta oportunidad de la mano de Villadiego para ser la C\u00e1mara m\u00e1s votada en Cundinamarca, ambos por el Partido de la U.<\/p>\n<p>La senadora Sandra Villadiego tiene su base electoral en el departamento de Bol\u00edvar, donde fue representante a la C\u00e1mara y luego lleg\u00f3 al Senado, con apoyos en varios departamentos del Caribe y ahora tambi\u00e9n con mucha injerencia en el interior del pa\u00eds, de cara a las elecciones de marzo pr\u00f3ximo.<\/p>\n<p>La senadora a\u00fan no anuncia cu\u00e1l ser\u00e1 su f\u00f3rmula a C\u00e1mara en Bol\u00edvar como tampoco sus preferencias en materia de candidatura presidencial.<\/p>\n<p><img loading=\"lazy\" decoding=\"async\" class=\"alignright size-medium wp-image-22445\" src=\"https:\/\/www.revistazetta.com\/wp-content\/uploads\/2017\/09\/2017-09-16-PHOTO-00000039-300x188.jpg\" alt=\"\" width=\"300\" height=\"188\" srcset=\"https:\/\/revistazetta.com\/wp-content\/uploads\/2017\/09\/2017-09-16-PHOTO-00000039-300x188.jpg 300w, https:\/\/revistazetta.com\/wp-content\/uploads\/2017\/09\/2017-09-16-PHOTO-00000039.jpg 1024w, https:\/\/revistazetta.com\/wp-content\/uploads\/2017\/09\/2017-09-16-PHOTO-00000039-234x146.jpg 234w, https:\/\/revistazetta.com\/wp-content\/uploads\/2017\/09\/2017-09-16-PHOTO-00000039-50x31.jpg 50w, https:\/\/revistazetta.com\/wp-content\/uploads\/2017\/09\/2017-09-16-PHOTO-00000039-120x75.jpg 120w\" sizes=\"auto, (max-width: 300px) 100vw, 300px\" \/> <img loading=\"lazy\" decoding=\"async\" class=\"alignright size-medium wp-image-22444\" src=\"https:\/\/www.revistazetta.com\/wp-content\/uploads\/2017\/09\/2017-09-16-PHOTO-00000036-300x188.jpg\" alt=\"\" width=\"300\" height=\"188\" srcset=\"https:\/\/revistazetta.com\/wp-content\/uploads\/2017\/09\/2017-09-16-PHOTO-00000036-300x188.jpg 300w, https:\/\/revistazetta.com\/wp-content\/uploads\/2017\/09\/2017-09-16-PHOTO-00000036.jpg 1024w, https:\/\/revistazetta.com\/wp-content\/uploads\/2017\/09\/2017-09-16-PHOTO-00000036-234x146.jpg 234w, https:\/\/revistazetta.com\/wp-content\/uploads\/2017\/09\/2017-09-16-PHOTO-00000036-50x31.jpg 50w, https:\/\/revistazetta.com\/wp-content\/uploads\/2017\/09\/2017-09-16-PHOTO-00000036-120x75.jpg 120w\" sizes=\"auto, (max-width: 300px) 100vw, 300px\" \/><\/p>\n<p>&nbsp;<\/p>\n","protected":false},"excerpt":{"rendered":"<p>El exsenador Carlos Ferro, quien se desempe\u00f1\u00f3 en el gobierno Santos como viceministro del Interior, ser\u00e1 candidato a la C\u00e1mara por Cundinamarca, en f\u00f3rmula que acompa\u00f1ar\u00e1 a la senadora Sandra Villadiego, quien aspira a la reelecci\u00f3n. Precisamente en esa ciudad cundinamarquesa, la senadora Sandra Villadiego inici\u00f3 su recorrido \u201cPor los Caminos de Colombia\u201d, en el cual ir\u00e1 destapando sus f\u00f3rmulas para C\u00e1mara de Representantes en distintas regiones del pa\u00eds. El candidato a la C\u00e1mara en Cindunamarca, Carlos Ferro, aspir\u00f3 en las pasadas elecciones al Senado, logrando m\u00e1s de 50 mil&#8230; <\/p>\n","protected":false},"author":3,"featured_media":22442,"comment_status":"open","ping_status":"closed","sticky":false,"template":"","format":"standard","meta":{"footnotes":"","_links_to":"","_links_to_target":""},"categories":[75,4],"tags":[],"class_list":["post-22441","post","type-post","status-publish","format-standard","has-post-thumbnail","hentry","category-destacada","category-politica"],"_links":{"self":[{"href":"https:\/\/revistazetta.com\/index.php?rest_route=\/wp\/v2\/posts\/22441","targetHints":{"allow":["GET"]}}],"collection":[{"href":"https:\/\/revistazetta.com\/index.php?rest_route=\/wp\/v2\/posts"}],"about":[{"href":"https:\/\/revistazetta.com\/index.php?rest_route=\/wp\/v2\/types\/post"}],"author":[{"embeddable":true,"href":"https:\/\/revistazetta.com\/index.php?rest_route=\/wp\/v2\/users\/3"}],"replies":[{"embeddable":true,"href":"https:\/\/revistazetta.com\/index.php?rest_route=%2Fwp%2Fv2%2Fcomments&post=22441"}],"version-history":[{"count":0,"href":"https:\/\/revistazetta.com\/index.php?rest_route=\/wp\/v2\/posts\/22441\/revisions"}],"wp:featuredmedia":[{"embeddable":true,"href":"https:\/\/revistazetta.com\/index.php?rest_route=\/wp\/v2\/media\/22442"}],"wp:attachment":[{"href":"https:\/\/revistazetta.com\/index.php?rest_route=%2Fwp%2Fv2%2Fmedia&parent=22441"}],"wp:term":[{"taxonomy":"category","embeddable":true,"href":"https:\/\/revistazetta.com\/index.php?rest_route=%2Fwp%2Fv2%2Fcategories&post=22441"},{"taxonomy":"post_tag","embeddable":true,"href":"https:\/\/revistazetta.com\/index.php?rest_route=%2Fwp%2Fv2%2Ftags&post=22441"}],"curies":[{"name":"wp","href":"https:\/\/api.w.org\/{rel}","templated":true}]}}