{"id":22446,"date":"2017-09-18T21:41:25","date_gmt":"2017-09-19T02:41:25","guid":{"rendered":"http:\/\/www.revistazetta.com\/?p=22446"},"modified":"2017-09-19T06:13:30","modified_gmt":"2017-09-19T11:13:30","slug":"22446","status":"publish","type":"post","link":"https:\/\/revistazetta.com\/?p=22446","title":{"rendered":"\u00abLa luz de mis ojos\u00bb, novela con sabor a porro sabanero"},"content":{"rendered":"<p>Este 19 de Septiembre a las 8:00 p.m. es el estreno de \u00abLA LUZ DE MIS OJOS\u00bb telenovela que ser\u00e1 emitida por el Canal RCN en horario estelar en Colombia.<\/p>\n<p>En este hermoso proyecto audiovisual es dirigido por el aclamado realizador Jorge Al\u00ed Triana y con un elenco estelar, en el que el m\u00fasico cartagenero Boris Garc\u00eda ofici\u00f3 como director musical, lo que implic\u00f3 tambi\u00e9n componer canciones in\u00e9ditas y hacer el papel de \u00abLezama\u00bb, un hombre de coraz\u00f3n noble y amante de la m\u00fasica tradicional con nuevas miradas.<\/p>\n<p>Boris Gac\u00eda dice que \u00abrealizamos la m\u00fasica con talento de Cartagena, Bol\u00edvar y C\u00f3rdoba, m\u00fasicos del Caribe rindiendo tributo a su cultura popular. No se la pierdan ser\u00e1 maravillosa!\u00bb<\/p>\n<div class=\"field field-name-field-descripcion field-type-text-long field-label-hidden\">\n<div class=\"field-items\">\n<div class=\"field-item even\">La novela narra una historia de amor protagonizada por una joven ciega llamada Soledad Burgos, quien tiene el sue\u00f1o de ser una reconocida cantante de porros en la Costa Caribe.<\/div>\n<\/div>\n<\/div>\n<div class=\"field field-name-body field-type-text-with-summary field-label-hidden\">\n<div class=\"field-items\">\n<div class=\"field-item even\">\n<p>Este hecho no solo har\u00e1 que ella incursione en la m\u00fasica, sino que tambi\u00e9n lograr\u00e1 que se enamore de <strong>Vicente Bula<\/strong>, un hombre del cual no conoce su identidad, pero con el que descubrir\u00e1 el verdadero amor.<\/p>\n<p>No obstante, este amor se tornar\u00e1 dif\u00edcil para ambos pues el destino parece estar empe\u00f1ado en separarlos, ya que Vicente conoce a <strong>Soledad<\/strong> minutos despu\u00e9s de casarse con alguien a quien no quiere.<\/p>\n<p>A pesar de esto, \u00e9l no estar\u00e1 dispuesto a que el amor de su vida se vaya, por lo que luchar\u00e1 a toda costa por ella.<\/p>\n<div class=\"field field-name-field-descripcion field-type-text-long field-label-hidden\">\n<div class=\"field-items\">\n<div class=\"field-item even\">Tras emprender su mayor sue\u00f1o, la gente se siente feliz al escucharla, por lo que afirman que ella si sabe c\u00f3mo se canta un porro.<\/div>\n<\/div>\n<\/div>\n<div class=\"field field-name-body field-type-text-with-summary field-label-hidden\">\n<div class=\"field-items\">\n<div class=\"field-item even\">\n<p>Por su parte, Soledad Burgos en una de sus presentaciones invita a todos los asistentes a que se levanten y disfruten de sus canciones afirmando que eso es una fiesta y el porro es para bailarlo.<\/p>\n<p>En este lugar, las mujeres aman de coraz\u00f3n y los hombres est\u00e1n dispuestos a todo por amor, como es el caso de Vicente Bula quien pese a los obst\u00e1culos luchar\u00e1 para que Soledad nunca se vaya de su lado.<\/p>\n<\/div>\n<\/div>\n<\/div>\n<\/div>\n<\/div>\n<\/div>\n","protected":false},"excerpt":{"rendered":"<p>Este 19 de Septiembre a las 8:00 p.m. es el estreno de \u00abLA LUZ DE MIS OJOS\u00bb telenovela que ser\u00e1 emitida por el Canal RCN en horario estelar en Colombia. En este hermoso proyecto audiovisual es dirigido por el aclamado realizador Jorge Al\u00ed Triana y con un elenco estelar, en el que el m\u00fasico cartagenero Boris Garc\u00eda ofici\u00f3 como director musical, lo que implic\u00f3 tambi\u00e9n componer canciones in\u00e9ditas y hacer el papel de \u00abLezama\u00bb, un hombre de coraz\u00f3n noble y amante de la m\u00fasica tradicional con nuevas miradas. Boris Gac\u00eda&#8230; <\/p>\n","protected":false},"author":3,"featured_media":22447,"comment_status":"open","ping_status":"closed","sticky":false,"template":"","format":"standard","meta":{"footnotes":"","_links_to":"","_links_to_target":""},"categories":[41,75],"tags":[],"class_list":["post-22446","post","type-post","status-publish","format-standard","has-post-thumbnail","hentry","category-cultura","category-destacada"],"_links":{"self":[{"href":"https:\/\/revistazetta.com\/index.php?rest_route=\/wp\/v2\/posts\/22446","targetHints":{"allow":["GET"]}}],"collection":[{"href":"https:\/\/revistazetta.com\/index.php?rest_route=\/wp\/v2\/posts"}],"about":[{"href":"https:\/\/revistazetta.com\/index.php?rest_route=\/wp\/v2\/types\/post"}],"author":[{"embeddable":true,"href":"https:\/\/revistazetta.com\/index.php?rest_route=\/wp\/v2\/users\/3"}],"replies":[{"embeddable":true,"href":"https:\/\/revistazetta.com\/index.php?rest_route=%2Fwp%2Fv2%2Fcomments&post=22446"}],"version-history":[{"count":0,"href":"https:\/\/revistazetta.com\/index.php?rest_route=\/wp\/v2\/posts\/22446\/revisions"}],"wp:featuredmedia":[{"embeddable":true,"href":"https:\/\/revistazetta.com\/index.php?rest_route=\/wp\/v2\/media\/22447"}],"wp:attachment":[{"href":"https:\/\/revistazetta.com\/index.php?rest_route=%2Fwp%2Fv2%2Fmedia&parent=22446"}],"wp:term":[{"taxonomy":"category","embeddable":true,"href":"https:\/\/revistazetta.com\/index.php?rest_route=%2Fwp%2Fv2%2Fcategories&post=22446"},{"taxonomy":"post_tag","embeddable":true,"href":"https:\/\/revistazetta.com\/index.php?rest_route=%2Fwp%2Fv2%2Ftags&post=22446"}],"curies":[{"name":"wp","href":"https:\/\/api.w.org\/{rel}","templated":true}]}}