{"id":22448,"date":"2017-09-18T22:05:40","date_gmt":"2017-09-19T03:05:40","guid":{"rendered":"http:\/\/www.revistazetta.com\/?p=22448"},"modified":"2017-09-18T22:05:40","modified_gmt":"2017-09-19T03:05:40","slug":"mompox-capital-bolivar-toda-esta-semana","status":"publish","type":"post","link":"https:\/\/revistazetta.com\/?p=22448","title":{"rendered":"Mompox, capital de Bol\u00edvar toda esta semana"},"content":{"rendered":"<p>La ciudad de Mompox ser\u00e1 la sede del gobierno departamental toda esta semana, pues all\u00ed se traslad\u00f3 el gobernador Dumek Turbay y todo su gabinete para gobernar desde las regiones.<\/p>\n<p>Del 18 al 24 de septiembre, el mandatario y su equipo visitar\u00e1n Cicuco, Talaigua Nuevo, hatillo de Loba, Margarita y San Fernando, teniendo como centro de operaciones al municipio de Mompox.<\/p>\n<p>La gigantesca operaci\u00f3n de gobierno concluir\u00e1 con el Sector Festival de Jazz de Mompox, que trae una selecta muestra de lo mejor del paz colombiano y norteamericano, as\u00ed como otras expresiones musicales como la salsa del afamado Gran Combo de Puerto Rico.<\/p>\n<p>Durante esta visita se realizar\u00e1 la entrega de obras, supervisi\u00f3n de proyectos y reuniones con los alcaldes municipales para consecuci\u00f3n de obras de desarrollo para los habitantes de esta subregi\u00f3n.<\/p>\n<p>El gobernador Dumek Turbay dirigi\u00f3 un mensaje a los bolivarenses a trav\u00e9s de las redes sociales de la Gobernaci\u00f3n y se\u00f1al\u00f3 que \u00abya estamos en Mompox, \u00a0desde donde estaremos gobernando. Estaremos en Cicuco y Margarita este martes, entregando obras de inversi\u00f3n; el mi\u00e9rcoles en Talaigua, el jueves visitar\u00e9 las obras del puente Yat\u00ed-Bodega, y el viernes seremos atentos al festival de Jazz\u00bb.<\/p>\n<p>\u00abTodos los temas de Bol\u00edvar se manejar\u00e1n y se decidir\u00e1n desde ac\u00e1, desde la ciudad de Mompox\u00bb, puntualiz\u00f3 el funcionario.<\/p>\n","protected":false},"excerpt":{"rendered":"<p>La ciudad de Mompox ser\u00e1 la sede del gobierno departamental toda esta semana, pues all\u00ed se traslad\u00f3 el gobernador Dumek Turbay y todo su gabinete para gobernar desde las regiones. Del 18 al 24 de septiembre, el mandatario y su equipo visitar\u00e1n Cicuco, Talaigua Nuevo, hatillo de Loba, Margarita y San Fernando, teniendo como centro de operaciones al municipio de Mompox. La gigantesca operaci\u00f3n de gobierno concluir\u00e1 con el Sector Festival de Jazz de Mompox, que trae una selecta muestra de lo mejor del paz colombiano y norteamericano, as\u00ed como&#8230; <\/p>\n","protected":false},"author":3,"featured_media":22449,"comment_status":"open","ping_status":"closed","sticky":false,"template":"","format":"standard","meta":{"footnotes":"","_links_to":"","_links_to_target":""},"categories":[75,33,80],"tags":[],"class_list":["post-22448","post","type-post","status-publish","format-standard","has-post-thumbnail","hentry","category-destacada","category-actualidad-bolivar","category-region"],"_links":{"self":[{"href":"https:\/\/revistazetta.com\/index.php?rest_route=\/wp\/v2\/posts\/22448","targetHints":{"allow":["GET"]}}],"collection":[{"href":"https:\/\/revistazetta.com\/index.php?rest_route=\/wp\/v2\/posts"}],"about":[{"href":"https:\/\/revistazetta.com\/index.php?rest_route=\/wp\/v2\/types\/post"}],"author":[{"embeddable":true,"href":"https:\/\/revistazetta.com\/index.php?rest_route=\/wp\/v2\/users\/3"}],"replies":[{"embeddable":true,"href":"https:\/\/revistazetta.com\/index.php?rest_route=%2Fwp%2Fv2%2Fcomments&post=22448"}],"version-history":[{"count":0,"href":"https:\/\/revistazetta.com\/index.php?rest_route=\/wp\/v2\/posts\/22448\/revisions"}],"wp:featuredmedia":[{"embeddable":true,"href":"https:\/\/revistazetta.com\/index.php?rest_route=\/wp\/v2\/media\/22449"}],"wp:attachment":[{"href":"https:\/\/revistazetta.com\/index.php?rest_route=%2Fwp%2Fv2%2Fmedia&parent=22448"}],"wp:term":[{"taxonomy":"category","embeddable":true,"href":"https:\/\/revistazetta.com\/index.php?rest_route=%2Fwp%2Fv2%2Fcategories&post=22448"},{"taxonomy":"post_tag","embeddable":true,"href":"https:\/\/revistazetta.com\/index.php?rest_route=%2Fwp%2Fv2%2Ftags&post=22448"}],"curies":[{"name":"wp","href":"https:\/\/api.w.org\/{rel}","templated":true}]}}