{"id":22455,"date":"2017-09-20T05:35:42","date_gmt":"2017-09-20T10:35:42","guid":{"rendered":"http:\/\/www.revistazetta.com\/?p=22455"},"modified":"2017-09-20T05:35:42","modified_gmt":"2017-09-20T10:35:42","slug":"alcaldia-orienta-utilizar-plataformas-empleo-familias-situacion-vulnerabilidad","status":"publish","type":"post","link":"https:\/\/revistazetta.com\/?p=22455","title":{"rendered":"Alcald\u00eda orienta sobre c\u00f3mo utilizar plataformas de empleo a familias en situaci\u00f3n de vulnerabilidad"},"content":{"rendered":"<blockquote><p><strong><em>La jornada se hizo a trav\u00e9s del Plan Emergencia Social Pedro Romero, en articulaci\u00f3n con Comfenalco.<\/em><\/strong><\/p><\/blockquote>\n<p>Unas 176 personas habitantes de los barrios Los Santanderes, Rosedal, La Victoria, El Nazareno y sectores vecinos, recibieron capacitaci\u00f3n en la jornada de Orientaci\u00f3n Laboral desarrollada en la biblioteca distrital Juan Jos\u00e9 Nieto.<\/p>\n<p>Esta actividad fue organizada por la Alcald\u00eda de Cartagena, bajo el liderazgo del Alcalde (e) Sergio Londo\u00f1o Zurek, y a trav\u00e9s del sub programa Ingreso y Trabajo del PES-PR, en articulaci\u00f3n con la plataforma virtual Empleos Comfenalco.<\/p>\n<p>El director del Plan de Emergencia Social Pedro Romero, Javier Lora Jim\u00e9nez, explic\u00f3 que la actividad se realiza con el objeto de preparar al vacante y darle mayores herramientas que le permitan optimizar la b\u00fasqueda de un empleo.<\/p>\n<p>El PES-PR lleva hasta los sectores donde se encuentran focalizadas las familias en situaci\u00f3n de vulnerabilidad, informaci\u00f3n sobre c\u00f3mo acceder e ingresar a la p\u00e1gina <a href=\"https:\/\/www.empleoscomfenalco.com\" target=\"_blank\" rel=\"noopener\">www.empleoscomfenalco.com<\/a> y, adem\u00e1s, brinda charlas sobre Liderazgo con Enfoque en Auto-Superaci\u00f3n, Elaboraci\u00f3n de Hojas de Vida, Presentaci\u00f3n Personal, Presentaci\u00f3n de Entrevistas.<\/p>\n<p>Manifest\u00f3 que estas convocatorias sectoriales se aprovechan para llevar otras ofertas institucionales que la Alcald\u00eda de Cartagena tiene para la ciudadan\u00eda. En esta oportunidad se present\u00f3 la oferta del sub programa Acceso a la Justicia, con el cual se orienta sobre las rutas para resolver conflictos en las familias y las comunidades.<\/p>\n<p>Adem\u00e1s anunci\u00f3 que esta actividad se continuar\u00e1 realizando en las tres localidades del Distrito con el prop\u00f3sito de facilitar que las personas en situaci\u00f3n de vulnerabilidad y desempleadas aprendan estrategias sencillas, pero muy importantes que se deben tener en cuenta a la hora de salir a buscar empleo y con esto mejoren a nivel personal su perfil, lo que les dar\u00e1 mayores esperanzas y oportunidades de ocupar una vacante.<\/p>\n","protected":false},"excerpt":{"rendered":"<p>La jornada se hizo a trav\u00e9s del Plan Emergencia Social Pedro Romero, en articulaci\u00f3n con Comfenalco. Unas 176 personas habitantes de los barrios Los Santanderes, Rosedal, La Victoria, El Nazareno y sectores vecinos, recibieron capacitaci\u00f3n en la jornada de Orientaci\u00f3n Laboral desarrollada en la biblioteca distrital Juan Jos\u00e9 Nieto. Esta actividad fue organizada por la Alcald\u00eda de Cartagena, bajo el liderazgo del Alcalde (e) Sergio Londo\u00f1o Zurek, y a trav\u00e9s del sub programa Ingreso y Trabajo del PES-PR, en articulaci\u00f3n con la plataforma virtual Empleos Comfenalco. El director del Plan&#8230; <\/p>\n","protected":false},"author":3,"featured_media":22456,"comment_status":"open","ping_status":"closed","sticky":false,"template":"","format":"standard","meta":{"footnotes":"","_links_to":"","_links_to_target":""},"categories":[32],"tags":[],"class_list":["post-22455","post","type-post","status-publish","format-standard","has-post-thumbnail","hentry","category-actualidad-distrito"],"_links":{"self":[{"href":"https:\/\/revistazetta.com\/index.php?rest_route=\/wp\/v2\/posts\/22455","targetHints":{"allow":["GET"]}}],"collection":[{"href":"https:\/\/revistazetta.com\/index.php?rest_route=\/wp\/v2\/posts"}],"about":[{"href":"https:\/\/revistazetta.com\/index.php?rest_route=\/wp\/v2\/types\/post"}],"author":[{"embeddable":true,"href":"https:\/\/revistazetta.com\/index.php?rest_route=\/wp\/v2\/users\/3"}],"replies":[{"embeddable":true,"href":"https:\/\/revistazetta.com\/index.php?rest_route=%2Fwp%2Fv2%2Fcomments&post=22455"}],"version-history":[{"count":0,"href":"https:\/\/revistazetta.com\/index.php?rest_route=\/wp\/v2\/posts\/22455\/revisions"}],"wp:featuredmedia":[{"embeddable":true,"href":"https:\/\/revistazetta.com\/index.php?rest_route=\/wp\/v2\/media\/22456"}],"wp:attachment":[{"href":"https:\/\/revistazetta.com\/index.php?rest_route=%2Fwp%2Fv2%2Fmedia&parent=22455"}],"wp:term":[{"taxonomy":"category","embeddable":true,"href":"https:\/\/revistazetta.com\/index.php?rest_route=%2Fwp%2Fv2%2Fcategories&post=22455"},{"taxonomy":"post_tag","embeddable":true,"href":"https:\/\/revistazetta.com\/index.php?rest_route=%2Fwp%2Fv2%2Ftags&post=22455"}],"curies":[{"name":"wp","href":"https:\/\/api.w.org\/{rel}","templated":true}]}}