{"id":22472,"date":"2017-09-21T20:26:19","date_gmt":"2017-09-22T01:26:19","guid":{"rendered":"http:\/\/www.revistazetta.com\/?p=22472"},"modified":"2017-09-22T01:23:44","modified_gmt":"2017-09-22T06:23:44","slug":"11-octubre-ya-habra-alcalde-localidad-historica-del-caribe-norte","status":"publish","type":"post","link":"https:\/\/revistazetta.com\/?p=22472","title":{"rendered":"El 11 de octubre ya habr\u00e1 alcalde de Localidad Hist\u00f3rica y del Caribe Norte"},"content":{"rendered":"<p>A trav\u00e9s del decreto 1273 del 20 de septiembre de 2017, fue modificado parcialmente el decreto 0901 de julio del 2017, mediante el cual se convoca a la Junta Administradora de la Localidad Hist\u00f3rica y del Caribe Norte, a asamblea p\u00fablica para la escogencia de la terna de la que se nombrar\u00e1 el Alcalde de dicha localidad.<\/p>\n<p>De acuerdo con el documento, el 2 de octubre de 2017 debe quedar lista la terna y ese mismo d\u00eda las directivas de la Junta Administradora Local deben presentar ante la Secretar\u00eda del Interior y Convivencia Ciudadana, el acta donde conste la realizaci\u00f3n de la audiencia, los nombres de los ternados y la votaci\u00f3n realizada, anexando listado de asistencia y las respectivas hojas de vida de los aspirantes, documentados con los estudios y experiencias que se registren en las mismas, y para lo cual tienen plazo hasta las 5:00 P. M.<\/p>\n<p>Seguido a esa acci\u00f3n, el Secretario del Interior y Convivencia Ciudadana deber\u00e1 presentar ante el Alcalde Mayor un informe detallado sobre el proceso llevado a cabo y una evaluaci\u00f3n de las hojas de vida de los aspirantes, a m\u00e1s tardar el d\u00eda 4 de octubre.<\/p>\n<p>\u00abHemos fijado un nuevo calendario, estaremos atentos a que se cumpla, a que sea un proceso transparente y que se elija a la persona id\u00f3nea y capacitada para tomar en forma las riendas de dicha alcald\u00eda local\u00bb, asegur\u00f3 Fernando Ni\u00f1o Mendoza, secretario del Interior y Convivencia.<\/p>\n<p>El Alcalde Mayor de la ciudad, a m\u00e1s tardar el 11 de octubre del presente a\u00f1o, nombrar\u00e1 al Alcalde Local de la Localidad Hist\u00f3rica y del Caribe Norte, quien deber\u00e1 tomar posesi\u00f3n dentro del t\u00e9rmino de la ley, ante el (la) Director (a) Administrativo de la Oficina de Talento Humano de la Alcald\u00eda Mayor.<\/p>\n<p>A continuaci\u00f3n el calendario estipulado en el decreto.<\/p>\n<p>-25 de septiembre: sesi\u00f3n especial de la Junta Administradora Local- presentaci\u00f3n de candidatos<\/p>\n<p>-2 de octubre: Asamblea P\u00fablica \u00a0para la elaboraci\u00f3n de la terna.<\/p>\n<p>-2 de octubre a m\u00e1s tardar a las 5:00 P. M.: radicaci\u00f3n del Acta de la Audiencia ante la Secretar\u00eda del Interior.<\/p>\n<p>-4 de octubre: presentaci\u00f3n del informe y evaluaci\u00f3n del Secretario del Interior al Alcalde Mayor.<\/p>\n<p>-5 de octubre: entrevista del Alcalde a los ternados<\/p>\n<p>-9 al 11 de octubre: nombramiento del Alcalde Local.<\/p>\n","protected":false},"excerpt":{"rendered":"<p>A trav\u00e9s del decreto 1273 del 20 de septiembre de 2017, fue modificado parcialmente el decreto 0901 de julio del 2017, mediante el cual se convoca a la Junta Administradora de la Localidad Hist\u00f3rica y del Caribe Norte, a asamblea p\u00fablica para la escogencia de la terna de la que se nombrar\u00e1 el Alcalde de dicha localidad. De acuerdo con el documento, el 2 de octubre de 2017 debe quedar lista la terna y ese mismo d\u00eda las directivas de la Junta Administradora Local deben presentar ante la Secretar\u00eda del&#8230; <\/p>\n","protected":false},"author":3,"featured_media":22510,"comment_status":"open","ping_status":"closed","sticky":false,"template":"","format":"standard","meta":{"footnotes":"","_links_to":"","_links_to_target":""},"categories":[4],"tags":[],"class_list":["post-22472","post","type-post","status-publish","format-standard","has-post-thumbnail","hentry","category-politica"],"_links":{"self":[{"href":"https:\/\/revistazetta.com\/index.php?rest_route=\/wp\/v2\/posts\/22472","targetHints":{"allow":["GET"]}}],"collection":[{"href":"https:\/\/revistazetta.com\/index.php?rest_route=\/wp\/v2\/posts"}],"about":[{"href":"https:\/\/revistazetta.com\/index.php?rest_route=\/wp\/v2\/types\/post"}],"author":[{"embeddable":true,"href":"https:\/\/revistazetta.com\/index.php?rest_route=\/wp\/v2\/users\/3"}],"replies":[{"embeddable":true,"href":"https:\/\/revistazetta.com\/index.php?rest_route=%2Fwp%2Fv2%2Fcomments&post=22472"}],"version-history":[{"count":0,"href":"https:\/\/revistazetta.com\/index.php?rest_route=\/wp\/v2\/posts\/22472\/revisions"}],"wp:featuredmedia":[{"embeddable":true,"href":"https:\/\/revistazetta.com\/index.php?rest_route=\/wp\/v2\/media\/22510"}],"wp:attachment":[{"href":"https:\/\/revistazetta.com\/index.php?rest_route=%2Fwp%2Fv2%2Fmedia&parent=22472"}],"wp:term":[{"taxonomy":"category","embeddable":true,"href":"https:\/\/revistazetta.com\/index.php?rest_route=%2Fwp%2Fv2%2Fcategories&post=22472"},{"taxonomy":"post_tag","embeddable":true,"href":"https:\/\/revistazetta.com\/index.php?rest_route=%2Fwp%2Fv2%2Ftags&post=22472"}],"curies":[{"name":"wp","href":"https:\/\/api.w.org\/{rel}","templated":true}]}}