{"id":22580,"date":"2017-09-30T07:19:29","date_gmt":"2017-09-30T12:19:29","guid":{"rendered":"http:\/\/www.revistazetta.com\/?p=22580"},"modified":"2017-09-30T07:24:55","modified_gmt":"2017-09-30T12:24:55","slug":"padaui-no-fue-salpicado-exfiscal-moreno-confirma-revista-semana","status":"publish","type":"post","link":"https:\/\/revistazetta.com\/?p=22580","title":{"rendered":"Padau\u00ed no fue salpicado por exfiscal Moreno, confirma revista Semana"},"content":{"rendered":"<p>El representante a la C\u00e1mara por Bol\u00edvar, Hernando Padau\u00ed, no fue salpicado por el exfiscal Luis Gustavo Moreno, y en ese sentido la revista Semana rectific\u00f3.<\/p>\n<p>En el portal de la influyente revista se public\u00f3: \u201cEn una declaraci\u00f3n extrajuicio a la Unidad de Investigaci\u00f3n para la Defensa, (Gustavo Moreno) preciso que ni la excongresita Zulema Jattin y ni el representante Hernando Padau\u00ed intentaron a trav\u00e9s suyo influenciar en el alto tribunal\u201d.<\/p>\n<p>(Ver enlace de Revista Semana:\u00a0https:\/\/www.semana.com\/nacion\/articulo\/gustavo-moreno-salpico-a-21-congresistas-y-a-magistrados-de-la-corte\/541779)<\/p>\n<p>Dado que una versi\u00f3n contraria y falsa se viraliz\u00f3 en redes sociales, el congresista Padau\u00ed le envi\u00f3 una solicitud de rectificaci\u00f3n a Revista Semana, en los siguientes t\u00e9rminos:<\/p>\n<p>&nbsp;<\/p>\n<p><strong>SE\u00d1ORES<\/strong><strong>\u2028<\/strong><strong>REVISTA SEMANA PUBLICACIONES SEMANA S.A.<\/strong><\/p>\n<p><strong>Atn. CRISTINA CASTRO DIRECTORA <em>SEMANA.COM <\/em><\/strong><\/p>\n<p><strong>Ref: SOLICITUD DE RECTIFICACION Y EXCUSAS PUBLICAS. <\/strong><\/p>\n<p>Reciba de mi parte un cordial saludo.<\/p>\n<p><strong>HERNANDO JOS\u00c9 PADAU\u00cd \u00c1LVAREZ, <\/strong>mayor de edad, identificado con la cedula de ciudadan\u00eda No. 9.142.757 de Magangue \u2013 Bol\u00edvar, me dirijo en t\u00e9rminos de cordialidad y respeto ante esa respetable revista y medio de informaci\u00f3n, para solicitar que de manera inmediata y publica, se RECTIFIQUE la informaci\u00f3n efectuada en el portal digital de SEMANA.COM, el d\u00eda mi\u00e9rcoles 26 de septiembre del mes y a\u00f1o que avanza, titulada <strong>\u201cLa lanza de Moreno en contra de 21 congresistas\u201d<\/strong>, en donde, se menciona mi nombre y utilizan una imagen m\u00eda al igual que una del Ex Fiscal Luis Gustavo Moreno, haciendo con dichas im\u00e1genes, un foto montaje; e informan al p\u00fablico, que me encuentro relacionado con las declaraciones que est\u00e1 efectuando el ex fiscal Luis Gustavo Moreno Rivera. En dicho aparte informativo, textualmente se afirma:<\/p>\n<p>&nbsp;<\/p>\n<p><em>\u201cAl igual que en este caso, Moreno entrego informaci\u00f3n sobre otros 20 aforados que habr\u00edan pagado porque sus investigaciones fueran frenadas, archivadas o se cambiara su rumbo, con el manejo de testigos, aunque moreno se\u00f1ala como responsables a GUSTAVO MALO y a LEONIDAS BUSTOS, no todos los casos estaban asignados a estos dos despachos, por lo que no todos los procesos rindieron los frutos que se esperaban. <\/em><\/p>\n<p><em>(&#8230;)La lista la encabeza su defendida ZULEMA JATTIN CORRALES, quien una vez estallo el escandalo fue llamada a juicio por parapol\u00edtica; el ex representante GERMAN OLANO BECERRA, cuyo proceso cursaba en el despacho de Bustos y ahora lo tiene FRANCISCO ACU\u00d1A; y menciona al Representante <strong>HERNANDO JOSE PADAUI, <\/strong>quien es miembro de la comisi\u00f3n de acusaciones a cargo de investigar a los magistrados cuestionados\u201d <\/em><\/p>\n<p>Me dirijo a usted, con el respeto debido, para solicitarle la inmediata RECTIFICACI\u00d3N de la informaci\u00f3n que de manera ligera e irresponsable, difundieron sin contar con las verificaciones formales que informaci\u00f3n tan delicada requiere. As\u00ed mismo solicito que de manera p\u00fablica se ofrezcan las excusas pertinentes, para resarcir en algo el da\u00f1o que sin pruebas o argumento alguno le han causado a mi imagen p\u00fablica. Como es sabido, el periodismo cumple una funci\u00f3n social, y debe ser garante del respeto a la dignidad, honra y buen nombre de todos los ciudadanos, sin distingo de clases, pol\u00edticos o cualquier \u00edndole.<\/p>\n<p>Mediante la divulgaci\u00f3n de informaci\u00f3n FALSA sobre mi nombre, est\u00e1n ustedes menoscabando mi honra y dignidad. Y colocando la integridad de mi persona y la de mi familia en alto riesgo, amen, que actualmente, represento a ciudadanos del departamento de Bol\u00edvar en el Congreso de la Rep\u00fablica, quienes con todo el derecho, me presentaron de manera concurrida sendos reclamos por las afirmaciones que ustedes consignaron en el reportaje period\u00edstico ya identificado. Con todo el derecho, esos ciudadanos que depositaron su confianza mediante el voto, en mi persona, se sienten defraudados, ya que los se\u00f1alamientos que ustedes hacen en su medio, son grav\u00edsimos, y suficientes para que un ciudadano que se informa a trav\u00e9s de la lectura de su medio de comunicaci\u00f3n, la tome como ciertas.<\/p>\n<p>La invito, a que respetando la identidad de sus fuentes, revise con el periodista que elaboro la nota informativa, y el Fotomontaje que se utiliz\u00f3, la pertinencia y veracidad de la misma y determine los responsables y cu\u00e1les fueron las motivaciones para tal afrenta. Ya que hacen alusi\u00f3n a declaraciones de sujetos procesales, en t\u00e9rminos que al d\u00eda de hoy no existen.<\/p>\n<p>Mi talante y actitud frente a los medios, me han llevado a manifestar, en honor a la verdad, que conozco personalmente al Dr. LUIS GUSTAVO MORENO, que con el constru\u00ed una relaci\u00f3n profesional y de amistad, ya que fue mutua la confianza y el respeto que rige nuestra relaci\u00f3n. Y he ratificado que jam\u00e1s, mientras sostuvimos relaciones profesionales, me ofreci\u00f3 o propuso cosa diferente a desarrollar una estrategia de defensa judicial, basada en los mecanismos legales. Su comportamiento conmigo no mereci\u00f3 jam\u00e1s un reparo ni en lo personal ni en lo profesional.<\/p>\n<p>Con lo anterior, espero haber ilustrado suficientemente, la peligrosa y denigrante situaci\u00f3n en que la publicaci\u00f3n ya aludida me ha situado. Estoy convencido de la \u00e9tica con que usted regenta el prestigioso portal web de noticias de la revista semana, sin embargo, en esta oportunidad, debo pedirle, la debida rectificaci\u00f3n de la informaci\u00f3n que sobre m\u00ed se public\u00f3. Para tratar, que de esta manera se alivie en algo el da\u00f1o a mis derechos fundamentales al Buen Nombre y Dignidad.<\/p>\n<p><strong>PRUEBAS <\/strong><\/p>\n<p>Para demostrar que la informaci\u00f3n incluida en la publicaci\u00f3n ya anotada es FALSA, ADJUNTO a esta petici\u00f3n, copia de una declaraci\u00f3n formal, emitida el d\u00eda 28 de septiembre de 2017 por el Dr. LUIS GUSTAVO MORENO RIVERA, en donde al colocarle de presente una ejemplar de su publicaci\u00f3n, textualmente manifiesta lo siguiente, contesto:<\/p>\n<p><strong><em>\u201cesta fotograf\u00eda que me pone de presente, es un montaje\u201d <\/em><\/strong><\/p>\n<p>Y en otro aparte, al pregunt\u00e1rsele que indicara si en alg\u00fan momento al Representante Hernando Padaui, Zulema Jattin y Luis Alfredo Ramos, intentaron influenciar a la H. Corte Supremo de Justicia a trav\u00e9s suyo, contesto:<\/p>\n<p><strong><em>\u201c(..) debo aclarar que ninguna de las tres personas por las cuales me acaba de preguntar me solicitaron o intentaron influenciar ante la corte suprema de justicia a trav\u00e9s m\u00edo\u201d <\/em><\/strong><\/p>\n<p><strong>SUSTENTO JURISPRUDENCIAL <\/strong><\/p>\n<p>Como ya lo ha expresado la H. Corte Constitucional, traigo lo dispuesto por dicha corporaci\u00f3n en Sentencia T-277 de 2015.<\/p>\n<p>\u201cEn cuanto a la comunicaci\u00f3n de informaciones sobre procesos penales y actos constitutivos de delito, se puede establecer que: (i) \u00e9sta debe ser<\/p>\n<p>tratada con cuidado y diligencia adicionales, especialmente en t\u00e9rminos de veracidad e imparcialidad; (ii) sin embargo, el nivel de diligencia exigido a los medios de comunicaci\u00f3n no implica una obligaci\u00f3n de usar lenguaje t\u00e9cnico ni de asumir un manejo particular del lenguaje coloquial, salvo que no hacerlo implique mala intenci\u00f3n y \u00e1nimo de da\u00f1ar; (iii) el medio de comunicaci\u00f3n debe abstenerse de hacer an\u00e1lisis infundados, pues ello puede generar vulneraciones a derechos fundamentales; (iv) al informar sobre situaciones que involucren procesos de naturaleza penal, el medio de comunicaci\u00f3n debe abstenerse de afirmar la responsabilidad de los sujetos involucrados, hasta tanto exista una sentencia condenatoria ejecutoriada.\u201d<\/p>\n<p><strong>PETICI\u00d3N <\/strong><\/p>\n<p>Solicito una vez m\u00e1s, la inmediata RECTIFICACI\u00d3N de la informaci\u00f3n antes descrita, y as\u00ed mismo solicito que de manera p\u00fablica se ofrezcan las excusas pertinentes, para resarcir en algo el da\u00f1o que sin pruebas o argumento alguno le han causado a mi imagen p\u00fablica<\/p>\n<p><strong>NOTIFICACIONES <\/strong><\/p>\n<p>Recibo notificaciones e informaci\u00f3n al email nandopadaui@hotmail.com y\/o repre.padaui@gmail.com<\/p>\n<p>Atentamente,<\/p>\n<p><strong>HERNANDO JOSE PADAUI ALVAREZ Representante a la C\u00e1mara Dpto Bolivar (CR) C.C. 9.142.757<\/strong><strong>\u2028<\/strong><strong>Celular: 3158992778 <\/strong><\/p>\n<p>&nbsp;<\/p>\n<p>&nbsp;<\/p>\n","protected":false},"excerpt":{"rendered":"<p>El representante a la C\u00e1mara por Bol\u00edvar, Hernando Padau\u00ed, no fue salpicado por el exfiscal Luis Gustavo Moreno, y en ese sentido la revista Semana rectific\u00f3. En el portal de la influyente revista se public\u00f3: \u201cEn una declaraci\u00f3n extrajuicio a la Unidad de Investigaci\u00f3n para la Defensa, (Gustavo Moreno) preciso que ni la excongresita Zulema Jattin y ni el representante Hernando Padau\u00ed intentaron a trav\u00e9s suyo influenciar en el alto tribunal\u201d. (Ver enlace de Revista Semana:\u00a0https:\/\/www.semana.com\/nacion\/articulo\/gustavo-moreno-salpico-a-21-congresistas-y-a-magistrados-de-la-corte\/541779) Dado que una versi\u00f3n contraria y falsa se viraliz\u00f3 en redes sociales, el congresista&#8230; <\/p>\n","protected":false},"author":3,"featured_media":22581,"comment_status":"open","ping_status":"closed","sticky":false,"template":"","format":"standard","meta":{"footnotes":"","_links_to":"","_links_to_target":""},"categories":[75,4],"tags":[],"class_list":["post-22580","post","type-post","status-publish","format-standard","has-post-thumbnail","hentry","category-destacada","category-politica"],"_links":{"self":[{"href":"https:\/\/revistazetta.com\/index.php?rest_route=\/wp\/v2\/posts\/22580","targetHints":{"allow":["GET"]}}],"collection":[{"href":"https:\/\/revistazetta.com\/index.php?rest_route=\/wp\/v2\/posts"}],"about":[{"href":"https:\/\/revistazetta.com\/index.php?rest_route=\/wp\/v2\/types\/post"}],"author":[{"embeddable":true,"href":"https:\/\/revistazetta.com\/index.php?rest_route=\/wp\/v2\/users\/3"}],"replies":[{"embeddable":true,"href":"https:\/\/revistazetta.com\/index.php?rest_route=%2Fwp%2Fv2%2Fcomments&post=22580"}],"version-history":[{"count":0,"href":"https:\/\/revistazetta.com\/index.php?rest_route=\/wp\/v2\/posts\/22580\/revisions"}],"wp:featuredmedia":[{"embeddable":true,"href":"https:\/\/revistazetta.com\/index.php?rest_route=\/wp\/v2\/media\/22581"}],"wp:attachment":[{"href":"https:\/\/revistazetta.com\/index.php?rest_route=%2Fwp%2Fv2%2Fmedia&parent=22580"}],"wp:term":[{"taxonomy":"category","embeddable":true,"href":"https:\/\/revistazetta.com\/index.php?rest_route=%2Fwp%2Fv2%2Fcategories&post=22580"},{"taxonomy":"post_tag","embeddable":true,"href":"https:\/\/revistazetta.com\/index.php?rest_route=%2Fwp%2Fv2%2Ftags&post=22580"}],"curies":[{"name":"wp","href":"https:\/\/api.w.org\/{rel}","templated":true}]}}