{"id":22583,"date":"2017-10-01T07:33:14","date_gmt":"2017-10-01T12:33:14","guid":{"rendered":"http:\/\/www.revistazetta.com\/?p=22583"},"modified":"2017-10-01T07:33:14","modified_gmt":"2017-10-01T12:33:14","slug":"barrial-sera-del-pasado-canchas-alameda-la-victoria","status":"publish","type":"post","link":"https:\/\/revistazetta.com\/?p=22583","title":{"rendered":"El barrial ser\u00e1 del pasado en canchas de Alameda La Victoria"},"content":{"rendered":"<blockquote>\n<h3>Gobernaci\u00f3n de Bol\u00edvar destina $2.500 millones para reparaci\u00f3n de canchas de Cartagena.\u00a0<strong style=\"font-size: 16px;\"><em>Lo que en la actualidad es un verdadero barrizal, se convertir\u00e1 en un gran escenario del f\u00fatbol, gracias a la acci\u00f3n de la Gobernaci\u00f3n de Bol\u00edvar, que, en cabeza de Dumek Turbay, ha decidido financiar la construcci\u00f3n de canchas sint\u00e9ticas en el templo del f\u00fatbol menor, ubicado en Alameda La Victoria.<\/em><\/strong><\/h3>\n<\/blockquote>\n<p><img loading=\"lazy\" decoding=\"async\" class=\"alignright size-medium wp-image-22586\" src=\"https:\/\/www.revistazetta.com\/wp-content\/uploads\/2017\/10\/2017-09-30-PHOTO-00025473-300x188.jpg\" alt=\"\" width=\"300\" height=\"188\" srcset=\"https:\/\/revistazetta.com\/wp-content\/uploads\/2017\/10\/2017-09-30-PHOTO-00025473-300x188.jpg 300w, https:\/\/revistazetta.com\/wp-content\/uploads\/2017\/10\/2017-09-30-PHOTO-00025473.jpg 1024w, https:\/\/revistazetta.com\/wp-content\/uploads\/2017\/10\/2017-09-30-PHOTO-00025473-234x146.jpg 234w, https:\/\/revistazetta.com\/wp-content\/uploads\/2017\/10\/2017-09-30-PHOTO-00025473-50x31.jpg 50w, https:\/\/revistazetta.com\/wp-content\/uploads\/2017\/10\/2017-09-30-PHOTO-00025473-120x75.jpg 120w\" sizes=\"auto, (max-width: 300px) 100vw, 300px\" \/>Cientos de expresiones de agradecimiento tuvieron los ni\u00f1os que jugaban hoy en la ma\u00f1ana en las canchas de Alameda La Victoria. No era para menos, el gobernador de Bol\u00edvar, Dumek Turbay, les estaba anunciando que esos potreros, mal llamados canchas, en donde varias generaciones han pasado dejando su talento futbol\u00edstico marcado con huellas y sudor, se transformar\u00e1n en canchas del mejor nivel.<\/p>\n<p>El desarrollo de Bol\u00edvar se ha demostrado en obras que se pueden ver. Cartagena, la Heroica capital bolivarense es testigo de que cada piedra puesta, mezclada con otra, van construyendo progreso, sobre todo para las personas menos favorecidas, para muestra un bot\u00f3n, el primer parque para personas en condici\u00f3n de discapacidad que se est\u00e1 construyendo en el barrio Huellas de Alberto Uribe, as\u00ed como el parque de Bruselas, que tambi\u00e9n promete ser uno de los mejores de Cartagena. Por otra parte est\u00e1 el parque Esp\u00edritu del Manglar, en pleno coraz\u00f3n de la ciudad, esto, sumado a muchos escenarios destinados para la diversi\u00f3n de ni\u00f1os, ni\u00f1as y j\u00f3venes de la capital de Bol\u00edvar. Hoy se suma a estas obras una inversi\u00f3n superior a los 2.500 mil millones de pesos<\/p>\n<p><img loading=\"lazy\" decoding=\"async\" class=\"alignright size-medium wp-image-22585\" src=\"https:\/\/www.revistazetta.com\/wp-content\/uploads\/2017\/10\/2017-09-30-PHOTO-00025463-300x188.jpg\" alt=\"\" width=\"300\" height=\"188\" srcset=\"https:\/\/revistazetta.com\/wp-content\/uploads\/2017\/10\/2017-09-30-PHOTO-00025463-300x188.jpg 300w, https:\/\/revistazetta.com\/wp-content\/uploads\/2017\/10\/2017-09-30-PHOTO-00025463.jpg 1024w, https:\/\/revistazetta.com\/wp-content\/uploads\/2017\/10\/2017-09-30-PHOTO-00025463-234x146.jpg 234w, https:\/\/revistazetta.com\/wp-content\/uploads\/2017\/10\/2017-09-30-PHOTO-00025463-50x31.jpg 50w, https:\/\/revistazetta.com\/wp-content\/uploads\/2017\/10\/2017-09-30-PHOTO-00025463-120x75.jpg 120w\" sizes=\"auto, (max-width: 300px) 100vw, 300px\" \/>\u201cAcabo de apropiar 2.500 millones de pesos para que ninguno de estos sectores se quede sin intervenci\u00f3n. Vamos a hacer las mejores canchas, en paso sint\u00e9tico, vamos a hacerle los camerinos que se merecen, zonas de encuentro, unas cafeter\u00edas y amos a poner la mejor iluminaci\u00f3n\u201d, expres\u00f3 Dumek Turbay.<\/p>\n<p>De esta forma, los ni\u00f1os amantes del f\u00fatbol tendr\u00e1n en las canchas de Alameda La Victoria, un escenario en \u00f3ptimas condiciones para practicar este deporte, el cual estar\u00e1 listo el 15 de junio, justo el d\u00eda del cumplea\u00f1os \u00a0de Bol\u00edvar.<\/p>\n<p>\u201cEste es el regalo que se merecen los ni\u00f1os que juegan en esta cancha. Adem\u00e1s habr\u00e1 espacios para que las familias compartan mientras juegan sus hijos\u201d, agreg\u00f3 el mandatario de los bolivarenses, quien asegur\u00f3 que en el mes de octubre se realizar\u00e1n los dise\u00f1os de lo que ser\u00e1 el nuevo templo del f\u00fatbol menor.<\/p>\n","protected":false},"excerpt":{"rendered":"<p>Gobernaci\u00f3n de Bol\u00edvar destina $2.500 millones para reparaci\u00f3n de canchas de Cartagena.\u00a0Lo que en la actualidad es un verdadero barrizal, se convertir\u00e1 en un gran escenario del f\u00fatbol, gracias a la acci\u00f3n de la Gobernaci\u00f3n de Bol\u00edvar, que, en cabeza de Dumek Turbay, ha decidido financiar la construcci\u00f3n de canchas sint\u00e9ticas en el templo del f\u00fatbol menor, ubicado en Alameda La Victoria. Cientos de expresiones de agradecimiento tuvieron los ni\u00f1os que jugaban hoy en la ma\u00f1ana en las canchas de Alameda La Victoria. No era para menos, el gobernador de&#8230; <\/p>\n","protected":false},"author":3,"featured_media":22584,"comment_status":"open","ping_status":"closed","sticky":false,"template":"","format":"standard","meta":{"footnotes":"","_links_to":"","_links_to_target":""},"categories":[75,53],"tags":[],"class_list":["post-22583","post","type-post","status-publish","format-standard","has-post-thumbnail","hentry","category-destacada","category-deportes"],"_links":{"self":[{"href":"https:\/\/revistazetta.com\/index.php?rest_route=\/wp\/v2\/posts\/22583","targetHints":{"allow":["GET"]}}],"collection":[{"href":"https:\/\/revistazetta.com\/index.php?rest_route=\/wp\/v2\/posts"}],"about":[{"href":"https:\/\/revistazetta.com\/index.php?rest_route=\/wp\/v2\/types\/post"}],"author":[{"embeddable":true,"href":"https:\/\/revistazetta.com\/index.php?rest_route=\/wp\/v2\/users\/3"}],"replies":[{"embeddable":true,"href":"https:\/\/revistazetta.com\/index.php?rest_route=%2Fwp%2Fv2%2Fcomments&post=22583"}],"version-history":[{"count":0,"href":"https:\/\/revistazetta.com\/index.php?rest_route=\/wp\/v2\/posts\/22583\/revisions"}],"wp:featuredmedia":[{"embeddable":true,"href":"https:\/\/revistazetta.com\/index.php?rest_route=\/wp\/v2\/media\/22584"}],"wp:attachment":[{"href":"https:\/\/revistazetta.com\/index.php?rest_route=%2Fwp%2Fv2%2Fmedia&parent=22583"}],"wp:term":[{"taxonomy":"category","embeddable":true,"href":"https:\/\/revistazetta.com\/index.php?rest_route=%2Fwp%2Fv2%2Fcategories&post=22583"},{"taxonomy":"post_tag","embeddable":true,"href":"https:\/\/revistazetta.com\/index.php?rest_route=%2Fwp%2Fv2%2Ftags&post=22583"}],"curies":[{"name":"wp","href":"https:\/\/api.w.org\/{rel}","templated":true}]}}