{"id":22658,"date":"2017-10-03T18:44:51","date_gmt":"2017-10-03T23:44:51","guid":{"rendered":"http:\/\/www.revistazetta.com\/?p=22658"},"modified":"2017-10-03T18:44:51","modified_gmt":"2017-10-03T23:44:51","slug":"muere-los-88-anos-victorino-martin-ganadero-leyenda","status":"publish","type":"post","link":"https:\/\/revistazetta.com\/?p=22658","title":{"rendered":"Muere a los 88 a\u00f1os Victorino Mart\u00edn, un ganadero de leyenda"},"content":{"rendered":"<p><strong>El periodista Zabala de la Serna firma esta nota publicada en el portal del diario espa\u00f1ol El Mundo.<\/strong><\/p>\n<div id=\"attachment_22675\" style=\"width: 310px\" class=\"wp-caption alignright\"><img loading=\"lazy\" decoding=\"async\" aria-describedby=\"caption-attachment-22675\" class=\"wp-image-22675 size-medium\" src=\"https:\/\/www.revistazetta.com\/wp-content\/uploads\/2017\/10\/Victorino-5-300x192.jpg\" alt=\"\" width=\"300\" height=\"192\" srcset=\"https:\/\/revistazetta.com\/wp-content\/uploads\/2017\/10\/Victorino-5-300x192.jpg 300w, https:\/\/revistazetta.com\/wp-content\/uploads\/2017\/10\/Victorino-5-228x146.jpg 228w, https:\/\/revistazetta.com\/wp-content\/uploads\/2017\/10\/Victorino-5-50x32.jpg 50w, https:\/\/revistazetta.com\/wp-content\/uploads\/2017\/10\/Victorino-5-117x75.jpg 117w, https:\/\/revistazetta.com\/wp-content\/uploads\/2017\/10\/Victorino-5.jpg 630w\" sizes=\"auto, (max-width: 300px) 100vw, 300px\" \/><p id=\"caption-attachment-22675\" class=\"wp-caption-text\">El rey Felipe VI y la reina Letizia Ortiz entregan a Victorino Mart\u00edn Andr\u00e9s el mayor reconocimiento de Espa\u00f1a a la cultura, el pasado 13 de septiembre de 2017.<\/p><\/div>\n<p><strong>Por\u00a0<\/strong><strong>ZABALA DE LA SERNA (www.elmundo.es)\u00a0<\/strong><strong>Victorino Mart\u00edn<\/strong> ha muerto en su finca de Monteviejo a los 88 a\u00f1os de edad, seg\u00fan ha anunciado su familia en un comunicado. Despu\u00e9s de sufrir el pasado domingo 1 de octubre un accidente cerebrovascular, su vida pend\u00eda de un hilo. El texto informa que el \u00f3bito se produjo a las 15:00 horas \u00abrodeado de sus seres queridos\u00bb. La misa funeral se celebrar\u00e1 ma\u00f1ana a las 17:00 horas en la Iglesia de Nuestra Se\u00f1ora de la Asunci\u00f3n en Galapagar, donde recibir\u00e1 sepultura.<\/p>\n<p>https:\/\/www.elmundo.es\/cultura\/toros\/2017\/10\/03\/59d2286d22601d46348b4580.html<\/p>\n<p>El legendario ganadero aparec\u00eda por \u00faltima vez en p\u00fablico el pasado 13 de septiembre en la Catedral de Cuenca para recibir de manos del<strong> Rey Felipe VI<\/strong> el Premio Nacional de Tauromaquia, que concede el Ministerio de Cultura, en reconocimiento a su<strong> incomparable trayectoria<\/strong>. \u00abSu nombre ha quedado asociado a valores como la emoci\u00f3n, la bravura o la protecci\u00f3n del valios\u00edsimo patrimonio ecol\u00f3gico que encierra la Tauromaquia\u00bb, declaraba el jurado. Victorino es el<strong> \u00fanico criador de toros bravos<\/strong>, y el \u00fanico representante del mundo taurino, que tambi\u00e9n ha ganado la Medalla de Oro de las Bellas Artes (2014).<\/p>\n<p><strong>Es la palabra \u00ab\u00fanico\u00bb la que mejor define a Victorino<\/strong>. El \u00fanico ganadero a cuyo reclamo se llenaban las plazas en los gloriosos 80 y 90 para su divisa; el \u00fanico que cuenta con un toro indultado en la Maestranza &#8211;<em>Cobradiezmos<\/em> (2016)- y otro en la Monumental de las Ventas &#8211;<em>Velador<\/em> (1982)-; el \u00fanico que cuenta con un azulejo en la<strong> Puerta Grande<\/strong> de la plaza de toros de Madrid; el primero que <strong>atraves\u00f3 a hombros el arco de la gloria<\/strong> del coso m\u00e1s importante del universo t\u00e1urico all\u00e1 por 1976&#8230; Cuenta con 17 toros premiados con la vuelta al ruedo en el arrastre sobre la arena vente\u00f1a y un palmar\u00e9s, como rezan todos sus galardones, \u00abinigualable\u00bb. Un luchador como ninguno por la integridad de la Fiesta y la dignidad del ganadero. Desde que compr\u00f3 los albaserradas de Escudero Calvo hace m\u00e1s de medio siglo hasta convertirlos en toros de leyenda. Tan grande como la suya propia.<\/p>\n<p><img loading=\"lazy\" decoding=\"async\" class=\"alignright size-medium wp-image-22671\" src=\"https:\/\/www.revistazetta.com\/wp-content\/uploads\/2017\/10\/Victorino-3-300x188.jpg\" alt=\"\" width=\"300\" height=\"188\" \/>Naci\u00f3 Victorino en <strong>Galapagar<\/strong> en 1929. Hered\u00f3 un minifundio en la sierra de Madrid, las propiedades del abuelo Venancio. A su padre lo asesinaron en el 36 en Paracuellos. Dio un triple salto mortal. De criador de ganado de carne y lechero, tratante, <strong>carnicero y moruchero<\/strong> a imprescindible ganadero de toros bravos en la Historia del toreo. Un proceso largo que transcurre desde la primigenia experiencia con la bravura en la finca de los Hern\u00e1ndez y el encaste Vega-Villar, pasa por dar toros por los pueblos serranos de Madrid (Moralzarzal, Las Rozas, Galapagar&#8230;) y concluye con la g\u00e9nesis de Victorino como marca registrada.<\/p>\n<p>En 1960 compra un tercio de los toros del <strong>Marqu\u00e9s de Albaserrada<\/strong> en poder de la familia de Escudero Calvo hasta completar la adquisici\u00f3n en exclusiva de toda la estirpe con los diferentes herederos. Nadie, ni el propio marqu\u00e9s de la A coronada (hierro de la casa), se situ\u00f3 tanto tiempo al frente de los albaserradas que, en manos de los Escudero, caminaban hacia el matadero. El a\u00f1o 68 fue clave con su debut con una corrida de toros en Las Ventas. Pura dinamita y pura adrenalina. Y desde ah\u00ed la forja de su m\u00edtica historia. Mucho m\u00e1s all\u00e1 de la llamada<strong> Corrida del Siglo<\/strong> del 1 de junio de 1982 que todo el mundo recuerda: Ruiz Miguel, Espl\u00e1 y Palomar rindieron Madrid con los victorinos como estelas plateadas. La imagen de aquella tarde, televisada por TVE, y el apote\u00f3sico final de los tres toreros y Victorino de nuevo por la Puerta Grande quedaron grabados en la retina de todo el pa\u00eds.<\/p>\n<div id=\"attachment_22674\" style=\"width: 310px\" class=\"wp-caption alignright\"><img loading=\"lazy\" decoding=\"async\" aria-describedby=\"caption-attachment-22674\" class=\"wp-image-22674 size-medium\" src=\"https:\/\/www.revistazetta.com\/wp-content\/uploads\/2017\/10\/Victorino-7-300x213.jpg\" alt=\"\" width=\"300\" height=\"213\" \/><p id=\"caption-attachment-22674\" class=\"wp-caption-text\">Belador, \u00fanico toro indultado en la plaza de las Ventas de Madrid.<\/p><\/div>\n","protected":false},"excerpt":{"rendered":"<p>El periodista Zabala de la Serna firma esta nota publicada en el portal del diario espa\u00f1ol El Mundo. Por\u00a0ZABALA DE LA SERNA (www.elmundo.es)\u00a0Victorino Mart\u00edn ha muerto en su finca de Monteviejo a los 88 a\u00f1os de edad, seg\u00fan ha anunciado su familia en un comunicado. Despu\u00e9s de sufrir el pasado domingo 1 de octubre un accidente cerebrovascular, su vida pend\u00eda de un hilo. El texto informa que el \u00f3bito se produjo a las 15:00 horas \u00abrodeado de sus seres queridos\u00bb. La misa funeral se celebrar\u00e1 ma\u00f1ana a las 17:00 horas&#8230; <\/p>\n","protected":false},"author":3,"featured_media":22673,"comment_status":"open","ping_status":"closed","sticky":false,"template":"","format":"standard","meta":{"footnotes":"","_links_to":"","_links_to_target":""},"categories":[41,75,42],"tags":[],"class_list":["post-22658","post","type-post","status-publish","format-standard","has-post-thumbnail","hentry","category-cultura","category-destacada","category-cultura-toros"],"_links":{"self":[{"href":"https:\/\/revistazetta.com\/index.php?rest_route=\/wp\/v2\/posts\/22658","targetHints":{"allow":["GET"]}}],"collection":[{"href":"https:\/\/revistazetta.com\/index.php?rest_route=\/wp\/v2\/posts"}],"about":[{"href":"https:\/\/revistazetta.com\/index.php?rest_route=\/wp\/v2\/types\/post"}],"author":[{"embeddable":true,"href":"https:\/\/revistazetta.com\/index.php?rest_route=\/wp\/v2\/users\/3"}],"replies":[{"embeddable":true,"href":"https:\/\/revistazetta.com\/index.php?rest_route=%2Fwp%2Fv2%2Fcomments&post=22658"}],"version-history":[{"count":0,"href":"https:\/\/revistazetta.com\/index.php?rest_route=\/wp\/v2\/posts\/22658\/revisions"}],"wp:featuredmedia":[{"embeddable":true,"href":"https:\/\/revistazetta.com\/index.php?rest_route=\/wp\/v2\/media\/22673"}],"wp:attachment":[{"href":"https:\/\/revistazetta.com\/index.php?rest_route=%2Fwp%2Fv2%2Fmedia&parent=22658"}],"wp:term":[{"taxonomy":"category","embeddable":true,"href":"https:\/\/revistazetta.com\/index.php?rest_route=%2Fwp%2Fv2%2Fcategories&post=22658"},{"taxonomy":"post_tag","embeddable":true,"href":"https:\/\/revistazetta.com\/index.php?rest_route=%2Fwp%2Fv2%2Ftags&post=22658"}],"curies":[{"name":"wp","href":"https:\/\/api.w.org\/{rel}","templated":true}]}}