{"id":22665,"date":"2017-10-03T18:26:18","date_gmt":"2017-10-03T23:26:18","guid":{"rendered":"http:\/\/www.revistazetta.com\/?p=22665"},"modified":"2017-10-03T18:26:18","modified_gmt":"2017-10-03T23:26:18","slug":"magangue-conmemora-mes-del-ordenamiento-territorial","status":"publish","type":"post","link":"https:\/\/revistazetta.com\/?p=22665","title":{"rendered":"Magangu\u00e9 conmemora mes del ordenamiento territorial"},"content":{"rendered":"<p><img loading=\"lazy\" decoding=\"async\" class=\"alignright size-medium wp-image-22668\" src=\"https:\/\/www.revistazetta.com\/wp-content\/uploads\/2017\/10\/Magangu\u00e9-3-228x300.jpg\" alt=\"\" width=\"228\" height=\"300\" \/>En el marco de la conmemoraci\u00f3n del aniversario 241 de la refundaci\u00f3n de Magangu\u00e9 por el urbanista espa\u00f1ol Antonio de la Torre y Miranda, se realizar\u00e1 en esta ciudad los d\u00edas 27 y 28 de octubre el Primer Encuentro Regional de Historia Local \u201cAntonio de la Torre y Miranda\u201d y el \u201cSeminario Regional de Ordenamiento y Renovaci\u00f3n Territorial para la Paz\u201d cuya finalidad es analizar la l\u00f3gica del ordenamiento territorial de la regi\u00f3n Caribe colombiana desde las expediciones refundadoras del siglo XVIII hasta hoy y socializar los alcances de la RAP Caribe y de la Pol\u00edtica Nacional de Renovaci\u00f3n del Territorio, que pretende establecer en Colombia una nueva arquitectura territorial para transformar el sector rural colombiano y cerrar las brechas entre el campo y la ciudad.<\/p>\n<p>En estos eventos se pondr\u00e1n sobre el tapete los temas que le corresponde desarrollar a la Regi\u00f3n Administrativa y de Planificaci\u00f3n -RAP Caribe que ser\u00e1 creada el pr\u00f3ximo 19 de octubre en Barranquilla, como el de las desigualdades intraregionales, la par\u00e1lisis de las obras de la malla vial regional y la frustrada rehabilitaci\u00f3n del r\u00edo Magdalena. As\u00ed mismo se analizar\u00e1 el papel que deben cumplir las ciudades intermedias no capitales de departamento en el ordenamiento territorial regional, el impacto de los Puentes Yat\u00ed \u2013 Bodega y el futuro de la rehabilitaci\u00f3n del Rio Magdalena.<\/p>\n<p>Es de anotar que octubre constituye el mes del ordenamiento y la renovaci\u00f3n territorial en el Caribe colombiano, por conmemorarse el 10 el d\u00eda del Caribe, crearse el 19 la RAP Caribe y celebrarse en Magangu\u00e9 los 241 a\u00f1os del proceso refundador del actual territorio de la regi\u00f3n por parte de los urbanistas espa\u00f1oles Antonio de La Torre y Miranda, Jos\u00e9 Fernando de Mier y Guerra y Jos\u00e9 palacios de La Vega.<\/p>\n","protected":false},"excerpt":{"rendered":"<p>En el marco de la conmemoraci\u00f3n del aniversario 241 de la refundaci\u00f3n de Magangu\u00e9 por el urbanista espa\u00f1ol Antonio de la Torre y Miranda, se realizar\u00e1 en esta ciudad los d\u00edas 27 y 28 de octubre el Primer Encuentro Regional de Historia Local \u201cAntonio de la Torre y Miranda\u201d y el \u201cSeminario Regional de Ordenamiento y Renovaci\u00f3n Territorial para la Paz\u201d cuya finalidad es analizar la l\u00f3gica del ordenamiento territorial de la regi\u00f3n Caribe colombiana desde las expediciones refundadoras del siglo XVIII hasta hoy y socializar los alcances de la&#8230; <\/p>\n","protected":false},"author":3,"featured_media":22666,"comment_status":"open","ping_status":"closed","sticky":false,"template":"","format":"standard","meta":{"footnotes":"","_links_to":"","_links_to_target":""},"categories":[80,83],"tags":[],"class_list":["post-22665","post","type-post","status-publish","format-standard","has-post-thumbnail","hentry","category-region","category-municipios"],"_links":{"self":[{"href":"https:\/\/revistazetta.com\/index.php?rest_route=\/wp\/v2\/posts\/22665","targetHints":{"allow":["GET"]}}],"collection":[{"href":"https:\/\/revistazetta.com\/index.php?rest_route=\/wp\/v2\/posts"}],"about":[{"href":"https:\/\/revistazetta.com\/index.php?rest_route=\/wp\/v2\/types\/post"}],"author":[{"embeddable":true,"href":"https:\/\/revistazetta.com\/index.php?rest_route=\/wp\/v2\/users\/3"}],"replies":[{"embeddable":true,"href":"https:\/\/revistazetta.com\/index.php?rest_route=%2Fwp%2Fv2%2Fcomments&post=22665"}],"version-history":[{"count":0,"href":"https:\/\/revistazetta.com\/index.php?rest_route=\/wp\/v2\/posts\/22665\/revisions"}],"wp:featuredmedia":[{"embeddable":true,"href":"https:\/\/revistazetta.com\/index.php?rest_route=\/wp\/v2\/media\/22666"}],"wp:attachment":[{"href":"https:\/\/revistazetta.com\/index.php?rest_route=%2Fwp%2Fv2%2Fmedia&parent=22665"}],"wp:term":[{"taxonomy":"category","embeddable":true,"href":"https:\/\/revistazetta.com\/index.php?rest_route=%2Fwp%2Fv2%2Fcategories&post=22665"},{"taxonomy":"post_tag","embeddable":true,"href":"https:\/\/revistazetta.com\/index.php?rest_route=%2Fwp%2Fv2%2Ftags&post=22665"}],"curies":[{"name":"wp","href":"https:\/\/api.w.org\/{rel}","templated":true}]}}