{"id":22680,"date":"2017-10-05T06:19:54","date_gmt":"2017-10-05T11:19:54","guid":{"rendered":"http:\/\/www.revistazetta.com\/?p=22680"},"modified":"2017-10-05T06:19:54","modified_gmt":"2017-10-05T11:19:54","slug":"van-siete-inscritos-candidatura-camara-cd","status":"publish","type":"post","link":"https:\/\/revistazetta.com\/?p=22680","title":{"rendered":"Van siete inscritos para candidatura a C\u00e1mara de CD"},"content":{"rendered":"<p>Hasta el momento siete ciudadanos han manifestado su intenci\u00f3n de hacer parte de la lista a la C\u00e1mara de Representantes por el Centro Democr\u00e1tico en Bol\u00edvar. Ellos son, en orden alfab\u00e9tico: Juliet Jim\u00e9nez, Jorge Lequerica, Tulia Mart\u00ednez, Ela N\u00fa\u00f1ez, Andr\u00e9s Pimienta, Jorge de las Salas, y Ram\u00f3n Torres Serra.<\/p>\n<p>Posteriormente a la preinscripci\u00f3n que seguir\u00e1 abierta hasta el 10 de octubre, el partido a trav\u00e9s de los directorios departamentales y la direcci\u00f3n nacional reglamentar\u00e1 el proceso para otorgar los avales. En este sentido, la preinscripci\u00f3n es un proceso informativo, no vinculante.<\/p>\n<p>La lista a la C\u00e1mara de Representantes en Bol\u00edvar ser\u00e1 pluralista, conformada por mujeres, j\u00f3venes, l\u00edderes de provincia, y dirigentes c\u00edvicos. \u00abHemos convocado a nuestras bases y a nuestros aliados naturales, para que manifiesten su inter\u00e9s de participar en esta lista. A los cristianos, a los j\u00f3venes, a la reserva activa, a los laicos, a las bases ciudadanas de los partidos tradicionales que no se sienten representados, aqu\u00ed tienen un espacio para hacer una pol\u00edtica distinta\u00bb se\u00f1al\u00f3 el senador Fernando Nicol\u00e1s Ara\u00fajo.<\/p>\n","protected":false},"excerpt":{"rendered":"<p>Hasta el momento siete ciudadanos han manifestado su intenci\u00f3n de hacer parte de la lista a la C\u00e1mara de Representantes por el Centro Democr\u00e1tico en Bol\u00edvar. Ellos son, en orden alfab\u00e9tico: Juliet Jim\u00e9nez, Jorge Lequerica, Tulia Mart\u00ednez, Ela N\u00fa\u00f1ez, Andr\u00e9s Pimienta, Jorge de las Salas, y Ram\u00f3n Torres Serra. Posteriormente a la preinscripci\u00f3n que seguir\u00e1 abierta hasta el 10 de octubre, el partido a trav\u00e9s de los directorios departamentales y la direcci\u00f3n nacional reglamentar\u00e1 el proceso para otorgar los avales. En este sentido, la preinscripci\u00f3n es un proceso informativo, no&#8230; <\/p>\n","protected":false},"author":3,"featured_media":22681,"comment_status":"open","ping_status":"closed","sticky":false,"template":"","format":"standard","meta":{"footnotes":"","_links_to":"","_links_to_target":""},"categories":[4],"tags":[],"class_list":["post-22680","post","type-post","status-publish","format-standard","has-post-thumbnail","hentry","category-politica"],"_links":{"self":[{"href":"https:\/\/revistazetta.com\/index.php?rest_route=\/wp\/v2\/posts\/22680","targetHints":{"allow":["GET"]}}],"collection":[{"href":"https:\/\/revistazetta.com\/index.php?rest_route=\/wp\/v2\/posts"}],"about":[{"href":"https:\/\/revistazetta.com\/index.php?rest_route=\/wp\/v2\/types\/post"}],"author":[{"embeddable":true,"href":"https:\/\/revistazetta.com\/index.php?rest_route=\/wp\/v2\/users\/3"}],"replies":[{"embeddable":true,"href":"https:\/\/revistazetta.com\/index.php?rest_route=%2Fwp%2Fv2%2Fcomments&post=22680"}],"version-history":[{"count":0,"href":"https:\/\/revistazetta.com\/index.php?rest_route=\/wp\/v2\/posts\/22680\/revisions"}],"wp:featuredmedia":[{"embeddable":true,"href":"https:\/\/revistazetta.com\/index.php?rest_route=\/wp\/v2\/media\/22681"}],"wp:attachment":[{"href":"https:\/\/revistazetta.com\/index.php?rest_route=%2Fwp%2Fv2%2Fmedia&parent=22680"}],"wp:term":[{"taxonomy":"category","embeddable":true,"href":"https:\/\/revistazetta.com\/index.php?rest_route=%2Fwp%2Fv2%2Fcategories&post=22680"},{"taxonomy":"post_tag","embeddable":true,"href":"https:\/\/revistazetta.com\/index.php?rest_route=%2Fwp%2Fv2%2Ftags&post=22680"}],"curies":[{"name":"wp","href":"https:\/\/api.w.org\/{rel}","templated":true}]}}