{"id":22686,"date":"2017-10-05T07:17:39","date_gmt":"2017-10-05T12:17:39","guid":{"rendered":"http:\/\/www.revistazetta.com\/?p=22686"},"modified":"2017-10-05T07:18:19","modified_gmt":"2017-10-05T12:18:19","slug":"pedaleandole-la-pobreza-opinion-luis-adolfo-payares","status":"publish","type":"post","link":"https:\/\/revistazetta.com\/?p=22686","title":{"rendered":"Pedale\u00e1ndole a la pobreza &#8211; Opini\u00f3n de Luis Adolfo Payares"},"content":{"rendered":"<blockquote><p><strong>La Historia del \u00abLuca\u00bb, el bicitaxista que quiere ser profesional.<\/strong><\/p><\/blockquote>\n<p><span style=\"color: #0000ff;\"><strong>Opini\u00f3n de Luis Adolfo Payares.- (Especial para Revista Zetta).-<\/strong>\u00a0<\/span>Eran como las 9:30 de la ma\u00f1ana la zona del barrio Olaya sector Ricaurte y sus sectores aleda\u00f1os, concurre un mar de bicitaxistas que tratan de pedalear para llevar algo para sus casas, en medio de ese mar espeso y el sol asesino de la ma\u00f1ana, con olor a paila incandescente, aparece un muchacho delgado que emrge dentro de una bicicleta con un aditamento dise\u00f1ado para que vayan m\u00e1ximo dos personas detr\u00e1s. El popular \u00abluca\u00bb se gana la vida empujando con sus piernas fam\u00e9licas una de estas bicicletas convertidas en coches con la \u00fanica tracci\u00f3n que sus extremidades inferiores. Amilkar Cespedes Arnedo, su verdadero nombre emerge de uno de estos aparatos, arropados con pl\u00e1sticos que lo convierten en una apolog\u00eda al efecto invernadero, el calor que disipan es tan fuerte que la cabeza del \u00abluca\u00bb la ten\u00eda tan roja que parec\u00eda un fosforo de tienda. Me llam\u00f3 la atenci\u00f3n porque dentro de su bicicleta ten\u00eda un afiche que dec\u00eda: YO QUIERO SER PROFESIONAL, en letras tan grandes que parec\u00edan una motivaci\u00f3n dentro de su vida llena de pedalazos.<\/p>\n<p>El \u00abLuca\u00bb me ve\u00eda fijamente, callado, mientras yo disertaba a sus compa\u00f1eros la actividad que deb\u00eda realizar para que cada uno de ellos tuviera un afiche, del mismo tama\u00f1o de la parte de atr\u00e1s de sus veh\u00edculos. Cuando termin\u00e9 se me acerc\u00f3 y me dice:<\/p>\n<p>&#8211; Patr\u00f3n, \u00a0\u00bfc\u00f3mo est\u00e1?&#8230; Patr\u00f3n yo quiero estudiar..- me llam\u00f3 tanto la atenci\u00f3n que despu\u00e9s de empadronar a mas de 130 bicitaxistas en estos \u00faltimos d\u00edas, fue al \u00fanico que le escuch\u00e9 semejante actitud.<\/p>\n<p>Le respond\u00ed: &#8211; Primero que todo no me digas patr\u00f3n, yo no soy tu patr\u00f3n, solo soy una persona que los quiero contratar para algo, as\u00ed que no me digas as\u00ed&#8230;ll\u00e1mame lucho, y segu\u00ed &#8211; Tu a nadie deber\u00edas llamar \u00abpatr\u00f3n\u00bb, ni \u00abdoctor\u00bb, pareciera que te sintieras sometido y con una esperanza fallida..- Pareciera una trivialidad, pero este tema es espacio para otra nota, por lo tanto sigamos con el \u00abLuca\u00bb.<\/p>\n<p>El j\u00f3ven \u00abLuca\u00bb me cont\u00f3 su historia: Bachiller de un colegio p\u00fablico, despu\u00e9s de concluir su bachillerato se fue para donde su pap\u00e1 a la ciudad de barranquilla, donde trabaj\u00f3 en el mercado, atendiendo una colmena que administraba su progenitor. Al preguntarle porqu\u00e9 se vino, su rostro cambi\u00f3: &#8211; Vea sr Lucho, yo me vine de \u00abkilla\u00bb, se la voy a \u00abtirar plena ya..\u00bb, con algo de nerviosismo en su voz sigui\u00f3: Me tuve que venir de \u00abkilla\u00bb porque le met\u00ed unas \u00abpu\u00f1alas\u00bb a un man que estaba abusando de mi hermana, eso fue en el a\u00f1o 2015, ten\u00eda 20 a\u00f1os, el man muri\u00f3..pero eso fue en defensa propia ya..porque a mi me dio \u00abcola\u00bb que el hijode puta, estaba abusando a mi hermana de 12 a\u00f1os, al man lo \u00ablav\u00e9\u00bb pa que sea serio..pero cogi\u00f3 \u00abpiso\u00bb y me tuve que venir, hay proceso en la fiscal\u00eda pero el abogado est\u00e1 alegando y que legitima defensa y por eso me vine para ac\u00e1, estoy \u00abasaroso\u00bb todo el tiempo, y este trabajo es duro, sr lucho y yo quiero salir adelante&#8230;IMaginese que yo tengo que entregar diario 10 mil pesos, a veces no cumplo con la cuota y me toca rebuscarme con lo que sea, empec\u00e9 a estudiar en el SENA, con la ayuda de un pol\u00edtico que viene por aqu\u00ed, pero el man no se que pas\u00f3, le di 100 mil pesos y que para los derechos y dej\u00f3 el \u00abpelero\u00bb. Las palabras del \u00abLuca\u00bb, me daban a relucir la historia de aprovechamiento que han sufrido los d\u00e9biles de esta ciudad, donde esa gran poblaci\u00f3n sometida y ultrajada durante a\u00f1os se repite cada cierto tiempo, como un c\u00edrculo vicioso que no termina.<\/p>\n<p>J\u00f3venes como el \u00abLuca\u00bb hay muchos en Cartagena, que la vida los ha maltratado y lo peor tambi\u00e9n es que aquellos con una posici\u00f3n de dominio, en vez de ayudarlos, los han ultrajado. Eso es lo que tiene a nuestra querida ciudad, con una pobreza de m\u00e1s s del 70%, donde el pan de cada d\u00eda se consigue no solo a pedalazos.<\/p>\n<p>El luca me sigu\u00f3 contando sus sue\u00f1os y sus ambiciones, de tener un SAI, de traerse a su mam\u00e1 de Venezuela, a quien le manda religiosamente el 70% de lo que gana mensualmente. De querer estudiar contadur\u00eda p\u00fablica, y de ser un hombre de bien. &#8211; Al final me dijo: &#8211; Sr Lucho le aseguro que dentro de un a\u00f1o ud viene por aqu\u00ed yo estar\u00e9 estudiando y este cartel que cuelga en mi \u00abcoche\u00bb, lo voy a enmarcar porque yo ser\u00e9 UN PROFESIONAL.<\/p>\n","protected":false},"excerpt":{"rendered":"<p>La Historia del \u00abLuca\u00bb, el bicitaxista que quiere ser profesional. Opini\u00f3n de Luis Adolfo Payares.- (Especial para Revista Zetta).-\u00a0Eran como las 9:30 de la ma\u00f1ana la zona del barrio Olaya sector Ricaurte y sus sectores aleda\u00f1os, concurre un mar de bicitaxistas que tratan de pedalear para llevar algo para sus casas, en medio de ese mar espeso y el sol asesino de la ma\u00f1ana, con olor a paila incandescente, aparece un muchacho delgado que emrge dentro de una bicicleta con un aditamento dise\u00f1ado para que vayan m\u00e1ximo dos personas detr\u00e1s&#8230;. <\/p>\n","protected":false},"author":3,"featured_media":22687,"comment_status":"open","ping_status":"closed","sticky":false,"template":"","format":"standard","meta":{"footnotes":"","_links_to":"","_links_to_target":""},"categories":[44,75,65],"tags":[],"class_list":["post-22686","post","type-post","status-publish","format-standard","has-post-thumbnail","hentry","category-materiagris","category-destacada","category-opinion"],"_links":{"self":[{"href":"https:\/\/revistazetta.com\/index.php?rest_route=\/wp\/v2\/posts\/22686","targetHints":{"allow":["GET"]}}],"collection":[{"href":"https:\/\/revistazetta.com\/index.php?rest_route=\/wp\/v2\/posts"}],"about":[{"href":"https:\/\/revistazetta.com\/index.php?rest_route=\/wp\/v2\/types\/post"}],"author":[{"embeddable":true,"href":"https:\/\/revistazetta.com\/index.php?rest_route=\/wp\/v2\/users\/3"}],"replies":[{"embeddable":true,"href":"https:\/\/revistazetta.com\/index.php?rest_route=%2Fwp%2Fv2%2Fcomments&post=22686"}],"version-history":[{"count":0,"href":"https:\/\/revistazetta.com\/index.php?rest_route=\/wp\/v2\/posts\/22686\/revisions"}],"wp:featuredmedia":[{"embeddable":true,"href":"https:\/\/revistazetta.com\/index.php?rest_route=\/wp\/v2\/media\/22687"}],"wp:attachment":[{"href":"https:\/\/revistazetta.com\/index.php?rest_route=%2Fwp%2Fv2%2Fmedia&parent=22686"}],"wp:term":[{"taxonomy":"category","embeddable":true,"href":"https:\/\/revistazetta.com\/index.php?rest_route=%2Fwp%2Fv2%2Fcategories&post=22686"},{"taxonomy":"post_tag","embeddable":true,"href":"https:\/\/revistazetta.com\/index.php?rest_route=%2Fwp%2Fv2%2Ftags&post=22686"}],"curies":[{"name":"wp","href":"https:\/\/api.w.org\/{rel}","templated":true}]}}