{"id":22692,"date":"2017-10-05T08:28:32","date_gmt":"2017-10-05T13:28:32","guid":{"rendered":"http:\/\/www.revistazetta.com\/?p=22692"},"modified":"2017-10-06T06:36:40","modified_gmt":"2017-10-06T11:36:40","slug":"david-dager-le-fue-bien","status":"publish","type":"post","link":"https:\/\/revistazetta.com\/?p=22692","title":{"rendered":"A David D\u00e1ger le fue bien"},"content":{"rendered":"<p>El concejal David D\u00e1ger podr\u00e1 seguir ejerciendo la pol\u00edtica sin las limitantes de una medida de aseguramiento intramural, ni mucho menos el impedimento de salir del pa\u00eds ni el pago cauci\u00f3n alguna. Solo deber\u00e1 hace runa presentaci\u00f3n peri\u00f3dica ante la Fiscal\u00eda.<\/p>\n<p>Ese es el balance de la audiencia de imputaci\u00f3n de cargos a la que fue citado a petici\u00f3n de la Fiscal\u00eda, donde la fiscal Dora C\u00e1ceres pidi\u00f3 medida de aseguramiento no privativa de la libertad.<\/p>\n<p>En consecuencia, David D\u00e1ger podr\u00e1 seguir asistiendo a las sesiones del Concejo, como integrante de la bancada del Partido Liberal, con plena capacidad de deliberaci\u00f3n.<\/p>\n<p>D\u00e1ger debi\u00f3 acudir a esta cita con la Justicia debido a la investigaci\u00f3n que se adelanta en trono al contrato con la firma Neuromind, para el proceso de selecci\u00f3n de Personero y Contralor en 2015, cuando el concejal se desempe\u00f1\u00f3 como Presidente de la Mesa Directiva. La Fiscal\u00eda le investiga por Contrato sin lleno de requisitos legales.<\/p>\n","protected":false},"excerpt":{"rendered":"<p>El concejal David D\u00e1ger podr\u00e1 seguir ejerciendo la pol\u00edtica sin las limitantes de una medida de aseguramiento intramural, ni mucho menos el impedimento de salir del pa\u00eds ni el pago cauci\u00f3n alguna. Solo deber\u00e1 hace runa presentaci\u00f3n peri\u00f3dica ante la Fiscal\u00eda. Ese es el balance de la audiencia de imputaci\u00f3n de cargos a la que fue citado a petici\u00f3n de la Fiscal\u00eda, donde la fiscal Dora C\u00e1ceres pidi\u00f3 medida de aseguramiento no privativa de la libertad. En consecuencia, David D\u00e1ger podr\u00e1 seguir asistiendo a las sesiones del Concejo, como integrante&#8230; <\/p>\n","protected":false},"author":3,"featured_media":22693,"comment_status":"open","ping_status":"closed","sticky":false,"template":"","format":"standard","meta":{"footnotes":"","_links_to":"","_links_to_target":""},"categories":[75,27,4],"tags":[],"class_list":["post-22692","post","type-post","status-publish","format-standard","has-post-thumbnail","hentry","category-destacada","category-politicaconcejo","category-politica"],"_links":{"self":[{"href":"https:\/\/revistazetta.com\/index.php?rest_route=\/wp\/v2\/posts\/22692","targetHints":{"allow":["GET"]}}],"collection":[{"href":"https:\/\/revistazetta.com\/index.php?rest_route=\/wp\/v2\/posts"}],"about":[{"href":"https:\/\/revistazetta.com\/index.php?rest_route=\/wp\/v2\/types\/post"}],"author":[{"embeddable":true,"href":"https:\/\/revistazetta.com\/index.php?rest_route=\/wp\/v2\/users\/3"}],"replies":[{"embeddable":true,"href":"https:\/\/revistazetta.com\/index.php?rest_route=%2Fwp%2Fv2%2Fcomments&post=22692"}],"version-history":[{"count":0,"href":"https:\/\/revistazetta.com\/index.php?rest_route=\/wp\/v2\/posts\/22692\/revisions"}],"wp:featuredmedia":[{"embeddable":true,"href":"https:\/\/revistazetta.com\/index.php?rest_route=\/wp\/v2\/media\/22693"}],"wp:attachment":[{"href":"https:\/\/revistazetta.com\/index.php?rest_route=%2Fwp%2Fv2%2Fmedia&parent=22692"}],"wp:term":[{"taxonomy":"category","embeddable":true,"href":"https:\/\/revistazetta.com\/index.php?rest_route=%2Fwp%2Fv2%2Fcategories&post=22692"},{"taxonomy":"post_tag","embeddable":true,"href":"https:\/\/revistazetta.com\/index.php?rest_route=%2Fwp%2Fv2%2Ftags&post=22692"}],"curies":[{"name":"wp","href":"https:\/\/api.w.org\/{rel}","templated":true}]}}