{"id":22694,"date":"2017-10-05T08:34:45","date_gmt":"2017-10-05T13:34:45","guid":{"rendered":"http:\/\/www.revistazetta.com\/?p=22694"},"modified":"2017-10-05T08:34:45","modified_gmt":"2017-10-05T13:34:45","slug":"sueno-vivienda-realidad-212-familias","status":"publish","type":"post","link":"https:\/\/revistazetta.com\/?p=22694","title":{"rendered":"Sue\u00f1o de vivienda propia es realidad para 212 familias"},"content":{"rendered":"<blockquote>\n<div dir=\"auto\"><strong><i><span style=\"font-family: verdana, sans-serif;\">*La Caja de Compensaci\u00f3n Familiar de Cartagena y Bol\u00edvar -Comfamiliar- en una ceremonia realizada en el Centro Recreacional Napole\u00f3n Perea, hizo entrega de los primeros 179 de 212 subsidios de vivienda para sus afiliados.<\/span><\/i><\/strong><\/div>\n<div dir=\"auto\"><strong><span style=\"font-family: verdana, sans-serif;\">\u00a0<\/span><\/strong><\/div>\n<div dir=\"auto\"><strong><i><span style=\"font-family: verdana, sans-serif;\">*Comfamiliar, a trav\u00e9s de su Fondo de Vivienda Familiar de Inter\u00e9s Social (Fovis), entreg\u00f3 las cartas de asignaci\u00f3n para subsidio de vivienda por un monto de $4.452.149.668.<\/span><\/i><\/strong><\/div>\n<\/blockquote>\n<div dir=\"auto\"><span style=\"font-family: verdana, sans-serif;\">\u00a0<\/span><\/div>\n<div dir=\"auto\"><span style=\"font-family: verdana, sans-serif;\">Atendiendo los resultados de las convocatorias para subsidios de vivienda a trav\u00e9s del Fondo de Vivienda de Inter\u00e9s Social Fovis, Comfamiliar comenz\u00f3 esta semana la primera jornada de entrega de cartas de asignaciones de subsidios de vivienda que beneficiar\u00e1n a 212 familias de Cartagena y diferentes municipios del departamento.<\/span><\/div>\n<div dir=\"auto\"><span style=\"font-family: verdana, sans-serif;\">\u00a0<\/span><\/div>\n<div dir=\"auto\"><span style=\"font-family: verdana, sans-serif;\">Los subsidios asignados a los afiliados de las categor\u00edas A y B ascienden a los $4.452.149.668, superando los montos de convocatorias pasadas. La primera ceremonia de entrega se realiz\u00f3 el pasado martes en el Gran Sal\u00f3n del Centro Recreacional Napole\u00f3n Perea a 179 beneficiarios y cont\u00f3 con la participaci\u00f3n de la Directora Administrativa de la Caja, Ana Patricia L\u00f3pez R\u00edos y el coordinador del programa de Vivienda, Aldemar Espinosa Jim\u00e9nez.<\/span><\/div>\n<div dir=\"auto\"><span style=\"font-family: verdana, sans-serif;\">\u00a0<\/span><\/div>\n<div dir=\"auto\"><span style=\"font-family: verdana, sans-serif;\">\u201cUstedes son la raz\u00f3n de ser de la Caja y es por este tipo de momentos en que vemos en sus rostros la satisfacci\u00f3n y la ilusi\u00f3n materializ\u00e1ndose lo que nos motiva a trabajar siempre por cumplirles. Estos subsidios representan un esfuerzo enorme que debe traducirse en el bienestar de sus familias\u201d, manifest\u00f3 la Dra. L\u00f3pez R\u00edos a los asistentes.<\/span><\/div>\n<div dir=\"auto\"><span style=\"font-family: verdana, sans-serif;\">\u00a0<\/span><\/div>\n<div dir=\"auto\"><span style=\"font-family: verdana, sans-serif;\">Con esta nueva entrega, la Direcci\u00f3n Administrativa ratific\u00f3 el compromiso social de Comfamiliar y su proyecto objetivo de posicionarse en el a\u00f1o 2017 como la Caja de Compensaci\u00f3n con liderazgo y mayor cobertura en Cartagena y el departamento de Bol\u00edvar.<\/span><\/div>\n<div dir=\"auto\"><span style=\"font-family: verdana, sans-serif;\">\u00a0<\/span><\/div>\n<div dir=\"auto\"><b><span style=\"font-family: verdana, sans-serif;\">Segunda jornada en El Carmen de Bol\u00edvar<\/span><\/b><\/div>\n<div dir=\"auto\"><span style=\"font-family: verdana, sans-serif;\">El pr\u00f3ximo viernes 06 de octubre,en el municipio de El Carmen de Bol\u00edvar, se har\u00e1 la segunda y \u00faltima entrega de los 33 subsidios restantes en ceremonia especial que tambi\u00e9n beneficiar\u00e1 a igual n\u00famero de familias de la regi\u00f3n de los Montes de Mar\u00eda.<\/span><\/div>\n<div dir=\"auto\"><span style=\"font-family: verdana, sans-serif;\">\u00a0<\/span><\/div>\n<div dir=\"auto\"><b><span style=\"font-family: verdana, sans-serif;\">Para aplicar a los subsidios<\/span><\/b><\/div>\n<div dir=\"auto\"><span style=\"font-family: verdana, sans-serif;\">Las personas interesadas en aplicar a los subsidios de vivienda deben estar afiliadas a la Caja de Compensaci\u00f3n Familiar, no ser propietarias de vivienda, no estar reportadas por el Ministerio de Vivienda tras haber salido favorecidas en una convocatoria y lo m\u00e1s importante, es que quienes se postulen no necesariamente deben tener un proyecto de vivienda.<\/span><\/div>\n","protected":false},"excerpt":{"rendered":"<p>*La Caja de Compensaci\u00f3n Familiar de Cartagena y Bol\u00edvar -Comfamiliar- en una ceremonia realizada en el Centro Recreacional Napole\u00f3n Perea, hizo entrega de los primeros 179 de 212 subsidios de vivienda para sus afiliados. \u00a0 *Comfamiliar, a trav\u00e9s de su Fondo de Vivienda Familiar de Inter\u00e9s Social (Fovis), entreg\u00f3 las cartas de asignaci\u00f3n para subsidio de vivienda por un monto de $4.452.149.668. \u00a0 Atendiendo los resultados de las convocatorias para subsidios de vivienda a trav\u00e9s del Fondo de Vivienda de Inter\u00e9s Social Fovis, Comfamiliar comenz\u00f3 esta semana la primera jornada&#8230; <\/p>\n","protected":false},"author":3,"featured_media":22695,"comment_status":"open","ping_status":"closed","sticky":false,"template":"","format":"standard","meta":{"footnotes":"","_links_to":"","_links_to_target":""},"categories":[2,75],"tags":[],"class_list":["post-22694","post","type-post","status-publish","format-standard","has-post-thumbnail","hentry","category-actualidad","category-destacada"],"_links":{"self":[{"href":"https:\/\/revistazetta.com\/index.php?rest_route=\/wp\/v2\/posts\/22694","targetHints":{"allow":["GET"]}}],"collection":[{"href":"https:\/\/revistazetta.com\/index.php?rest_route=\/wp\/v2\/posts"}],"about":[{"href":"https:\/\/revistazetta.com\/index.php?rest_route=\/wp\/v2\/types\/post"}],"author":[{"embeddable":true,"href":"https:\/\/revistazetta.com\/index.php?rest_route=\/wp\/v2\/users\/3"}],"replies":[{"embeddable":true,"href":"https:\/\/revistazetta.com\/index.php?rest_route=%2Fwp%2Fv2%2Fcomments&post=22694"}],"version-history":[{"count":0,"href":"https:\/\/revistazetta.com\/index.php?rest_route=\/wp\/v2\/posts\/22694\/revisions"}],"wp:featuredmedia":[{"embeddable":true,"href":"https:\/\/revistazetta.com\/index.php?rest_route=\/wp\/v2\/media\/22695"}],"wp:attachment":[{"href":"https:\/\/revistazetta.com\/index.php?rest_route=%2Fwp%2Fv2%2Fmedia&parent=22694"}],"wp:term":[{"taxonomy":"category","embeddable":true,"href":"https:\/\/revistazetta.com\/index.php?rest_route=%2Fwp%2Fv2%2Fcategories&post=22694"},{"taxonomy":"post_tag","embeddable":true,"href":"https:\/\/revistazetta.com\/index.php?rest_route=%2Fwp%2Fv2%2Ftags&post=22694"}],"curies":[{"name":"wp","href":"https:\/\/api.w.org\/{rel}","templated":true}]}}