{"id":22709,"date":"2017-10-06T06:02:03","date_gmt":"2017-10-06T11:02:03","guid":{"rendered":"http:\/\/www.revistazetta.com\/?p=22709"},"modified":"2017-10-06T06:02:03","modified_gmt":"2017-10-06T11:02:03","slug":"viernes-melomania-parque-del-centenario","status":"publish","type":"post","link":"https:\/\/revistazetta.com\/?p=22709","title":{"rendered":"Viernes de Meloman\u00eda en el parque del Centenario"},"content":{"rendered":"<p>Este viernes 6 de octubre el programa Meloman\u00eda de la Instituci\u00f3n Universitaria Bellas Artes y Ciencias de Bol\u00edvar (Unibac) con el apoyo del gobierno del Bol\u00edvar S\u00ed Avanza llegar\u00e1 el Parque del Centenario, a las 6 de la tarde.<\/p>\n<p>En el escenario estar\u00e1 Jazz\u00a0and\u00a0Jam, un ensamble que\u00a0naci\u00f3 de la iniciativa de cultivar en los j\u00f3venes estudiantes del Conservatorio de M\u00fasica Adolfo Mej\u00eda de Unibac, el deseo, la pasi\u00f3n y la disciplina para incursionar en una de las corrientes musicales de mayor importancia y trascendencia para la m\u00fasica desde comienzos del siglo XX. El grupo est\u00e1 integrado por 25 talentosos estudiantes bajo la direcci\u00f3n de la maestra Liliana Atencia Gil.<\/p>\n<p>Su talento lo ha llevado a participar en varias versiones del Festival de Jazz de Mompox y recientemente, estuvieron como invitados musicales del lanzamiento de la colecci\u00f3n \u201cM\u00e1gico Mompox\u201d del dise\u00f1ador Hern\u00e1n Zajar.<\/p>\n<p>Meloman\u00eda es un programa de Proyecci\u00f3n Social de Unibac busca fomentar la circulaci\u00f3n y la promoci\u00f3n del talento musical bolivarense en diferentes g\u00e9neros, principalmente el que se gesta desde el Conservatorio de M\u00fasica Adolfo Mej\u00eda de Unibac.<\/p>\n","protected":false},"excerpt":{"rendered":"<p>Este viernes 6 de octubre el programa Meloman\u00eda de la Instituci\u00f3n Universitaria Bellas Artes y Ciencias de Bol\u00edvar (Unibac) con el apoyo del gobierno del Bol\u00edvar S\u00ed Avanza llegar\u00e1 el Parque del Centenario, a las 6 de la tarde. En el escenario estar\u00e1 Jazz\u00a0and\u00a0Jam, un ensamble que\u00a0naci\u00f3 de la iniciativa de cultivar en los j\u00f3venes estudiantes del Conservatorio de M\u00fasica Adolfo Mej\u00eda de Unibac, el deseo, la pasi\u00f3n y la disciplina para incursionar en una de las corrientes musicales de mayor importancia y trascendencia para la m\u00fasica desde comienzos del&#8230; <\/p>\n","protected":false},"author":3,"featured_media":22710,"comment_status":"open","ping_status":"closed","sticky":false,"template":"","format":"standard","meta":{"footnotes":"","_links_to":"","_links_to_target":""},"categories":[41,43],"tags":[],"class_list":["post-22709","post","type-post","status-publish","format-standard","has-post-thumbnail","hentry","category-cultura","category-cultura-musica"],"_links":{"self":[{"href":"https:\/\/revistazetta.com\/index.php?rest_route=\/wp\/v2\/posts\/22709","targetHints":{"allow":["GET"]}}],"collection":[{"href":"https:\/\/revistazetta.com\/index.php?rest_route=\/wp\/v2\/posts"}],"about":[{"href":"https:\/\/revistazetta.com\/index.php?rest_route=\/wp\/v2\/types\/post"}],"author":[{"embeddable":true,"href":"https:\/\/revistazetta.com\/index.php?rest_route=\/wp\/v2\/users\/3"}],"replies":[{"embeddable":true,"href":"https:\/\/revistazetta.com\/index.php?rest_route=%2Fwp%2Fv2%2Fcomments&post=22709"}],"version-history":[{"count":0,"href":"https:\/\/revistazetta.com\/index.php?rest_route=\/wp\/v2\/posts\/22709\/revisions"}],"wp:featuredmedia":[{"embeddable":true,"href":"https:\/\/revistazetta.com\/index.php?rest_route=\/wp\/v2\/media\/22710"}],"wp:attachment":[{"href":"https:\/\/revistazetta.com\/index.php?rest_route=%2Fwp%2Fv2%2Fmedia&parent=22709"}],"wp:term":[{"taxonomy":"category","embeddable":true,"href":"https:\/\/revistazetta.com\/index.php?rest_route=%2Fwp%2Fv2%2Fcategories&post=22709"},{"taxonomy":"post_tag","embeddable":true,"href":"https:\/\/revistazetta.com\/index.php?rest_route=%2Fwp%2Fv2%2Ftags&post=22709"}],"curies":[{"name":"wp","href":"https:\/\/api.w.org\/{rel}","templated":true}]}}