{"id":22711,"date":"2017-10-06T06:09:12","date_gmt":"2017-10-06T11:09:12","guid":{"rendered":"http:\/\/www.revistazetta.com\/?p=22711"},"modified":"2017-10-06T08:37:50","modified_gmt":"2017-10-06T13:37:50","slug":"concejal-meza-pide-al-distrito-cierre-playas-ante-ausencia-salvavidas","status":"publish","type":"post","link":"https:\/\/revistazetta.com\/?p=22711","title":{"rendered":"Concejal Meza pide al Distrito cierre playas ante ausencia de salvavidas"},"content":{"rendered":"<p>\u201cSin salvavidas que garanticen la seguridad de los ba\u00f1istas, es mejor que cierren las playas de Cartagena para as\u00ed evitar m\u00e1s muertes por inmersi\u00f3n\u201d, as\u00ed lo advirti\u00f3 el concejal conservador, Rafael Meza P\u00e9rez, al advertir que el convenio con este cuerpo de seguridad culmin\u00f3 y hasta el d\u00eda de ma\u00f1ana estar\u00e1n prestando sus servicios desde Manzanillo del Mar hasta Bocagrande y Playa Blanca.<\/p>\n<p>Meza advirti\u00f3 a la mesa directiva de la corporaci\u00f3n darle celeridad a este debate donde se citar\u00e1 al Jefe de la Oficina Jur\u00eddica del Distrito, al Secretario del Interior, al Director de Distriseguridad, al Comandante de Bomberos y al Representante de los Salvavidas para que informen a esta Corporaci\u00f3n cu\u00e1l es la situaci\u00f3n actual del convenio de la vinculaci\u00f3n de los salvavidas, qu\u00e9 entidad asume dicho convenio y hasta qu\u00e9 fecha est\u00e1 el mismo, indicar cu\u00e1ntos salvavidas hay actualmente, cu\u00e1ntas garitas actualmente hay y a qu\u00e9 distancia est\u00e1n ubicadas\u00a0una de la otra, cu\u00e1ntos salvavidas permanecen en ella y desde y hasta d\u00f3nde es la cobertura de la prestaci\u00f3n del servicio de los salvavidas.<\/p>\n<p>Seg\u00fan Meza, en caso de haber finalizado el convenio con los salvavidas qu\u00e9 entidad va asumir de ahora en adelante el mismo.\u00a0 \u201cYo debo recalcar que esta solicitud se ha hecho desde tiempo atr\u00e1s y ha sido el concejal Erich Pi\u00f1a, quien ha solicitado la informaci\u00f3n.<\/p>\n<p>\u201cSe debe hacer un debate para que la comunidad conozca del peligro que representa \u00a0ir a una playa sin la presencia de salvavidas. Es una responsabilidad de las autoridades del Distrito. Por eso, me atrevo a solicitar respetuosamente que si no hay presencia de los salvavidas, es mejor que se cierren temporalmente las playas para evitar se presenten hechos que lamentar. Debemos tener en cuenta que la pr\u00f3xima es la semana de receso escolar y aumenta el flujo de turistas a la ciudad\u201d, subray\u00f3 Meza P\u00e9rez.<\/p>\n<p><strong>\u201cSoluci\u00f3n al hacinamiento en las c\u00e1rceles\u201d: Pi\u00f3n<\/strong><\/p>\n<p>El concejal del Partido de la U, Cesar Pi\u00f3n Gonz\u00e1lez, present\u00f3 una proposici\u00f3n para conocer las acciones que implementar\u00e1n las autoridades sobre la sobrepoblaci\u00f3n en la c\u00e1rcel de Ternera y la de San Diego.<\/p>\n<p>\u201cHoy la realidad carcelaria se ha convertido en un inmenso problema social en el pa\u00eds y m\u00e1s en la Costa Caribe donde por razones de la diversidad de delitos por ser puerto: capos, mulas, guerrilleros, miembros de las Bacrim, entre otros; llegan diariamente a la c\u00e1rcel de Ternera,\u00a0 y eso nos obliga a repensar las obligaciones enmarcados en la protecci\u00f3n de los derechos humanos y bienestar de la poblaci\u00f3n civil\u201d, dijo Pi\u00f3n.<\/p>\n<p>Se\u00f1al\u00f3 que la c\u00e1rcel de Ternera tiene capacidad para 1424 reclusos, pero hoy posee 2.220 reclusos, sin incluir 1.180 detenciones domiciliarias.<\/p>\n<p>\u201cPara repensar si solo tenemos 960 condenados, y esperan m\u00e1s de 1000 sindicados, lo que muestra una debilidad de la matriz judicial. A esto se suman los problemas de salud p\u00fablica en la c\u00e1rcel ternera as\u00ed: 7 tuberculosos, 43 internos con alteraciones mentales, 17 con VIH, 22 Diab\u00e9ticos, 2 con c\u00e1ncer y 2 con problemas cardiovasculares, sin incluir lo que no se ha diagnosticado y los pron\u00f3sticos que estas afecciones conllevan. Nuestras c\u00e1rceles de Ternera y San Diego potencializan y grad\u00faan en el m\u00e1s alto rango delincuencial a muchos de sus reos, pues violenta la biolog\u00eda, la psicolog\u00eda, la familia y expone a la poblaci\u00f3n civil a las retaliaciones de cobros sociales y acciones delictivas desde el centro de reclusi\u00f3n\u201d, dijo Pi\u00f3n.<\/p>\n<p>Pi\u00f3n Gonz\u00e1lez propone citar al gobernador Dumek Turbay Paz, congresistas del departamento de Bol\u00edvar, al Director de la Fiscal\u00eda Regional de Cartagena, Procurador Provincial de Cartagena, Defensor del Pueblo, Personero Distrital, jueces penales del circuito, secretario de interior del departamento, Directora del Dadis, Oficina Gesti\u00f3n de Riesgos, Secretario del Interior distrital y secretario General para presentar posibles soluciones al \u00a0problema carcelario de nuestra ciudad respondiendo si las prisiones fueron concebidas para separar\u00a0al convicto de la criminalidad, proteger\u00a0a la sociedad de los elementos peligrosos, disuadir\u00a0a quienes pretenden cometer actos contrarios a la ley, reeducar\u00a0al detenido para su reinserci\u00f3n en la sociedad, impedir\u00a0que los acusados (reos) puedan huir comprometiendo su pr\u00f3ximo proceso, se habla, en este caso, de\u00a0<a href=\"https:\/\/es.wikipedia.org\/wiki\/Prisi%C3%B3n_preventiva\" data-saferedirecturl=\"https:\/\/www.google.com\/url?hl=es&amp;q=https:\/\/es.wikipedia.org\/wiki\/Prisi%25C3%25B3n_preventiva&amp;source=gmail&amp;ust=1507373581502000&amp;usg=AFQjCNEX8-Gl8DjJfVHURiT-2ud7xCXnew\" target=\"_blank\" rel=\"noopener\">prisi\u00f3n preventiva<\/a>.<\/p>\n<p>As\u00ed mismo, el concejal David Caballero, pidi\u00f3 adicionar se realice una intervenci\u00f3n a la c\u00e1rcel de San Diego, con capacidad para albergar a 70 reclusas. \u201cEn 2009, la Corte constitucional orden\u00f3 el traslado de la misma, pero eso nunca se ha dado. En 2007 donaron al Distrito el predio La Gloria para construir la nueva c\u00e1rcel all\u00e1. Quiero saber cu\u00e1l es el monto de dinero que ha entregado el Gobierno Nacional para el traslado de esa c\u00e1rcel, la inversi\u00f3n que se ha hecho en las reparaciones y cu\u00e1les son los avances del traslado\u201d, dijo.<\/p>\n","protected":false},"excerpt":{"rendered":"<p>\u201cSin salvavidas que garanticen la seguridad de los ba\u00f1istas, es mejor que cierren las playas de Cartagena para as\u00ed evitar m\u00e1s muertes por inmersi\u00f3n\u201d, as\u00ed lo advirti\u00f3 el concejal conservador, Rafael Meza P\u00e9rez, al advertir que el convenio con este cuerpo de seguridad culmin\u00f3 y hasta el d\u00eda de ma\u00f1ana estar\u00e1n prestando sus servicios desde Manzanillo del Mar hasta Bocagrande y Playa Blanca. Meza advirti\u00f3 a la mesa directiva de la corporaci\u00f3n darle celeridad a este debate donde se citar\u00e1 al Jefe de la Oficina Jur\u00eddica del Distrito, al Secretario&#8230; <\/p>\n","protected":false},"author":3,"featured_media":22724,"comment_status":"open","ping_status":"closed","sticky":false,"template":"","format":"standard","meta":{"footnotes":"","_links_to":"","_links_to_target":""},"categories":[75,4],"tags":[],"class_list":["post-22711","post","type-post","status-publish","format-standard","has-post-thumbnail","hentry","category-destacada","category-politica"],"_links":{"self":[{"href":"https:\/\/revistazetta.com\/index.php?rest_route=\/wp\/v2\/posts\/22711","targetHints":{"allow":["GET"]}}],"collection":[{"href":"https:\/\/revistazetta.com\/index.php?rest_route=\/wp\/v2\/posts"}],"about":[{"href":"https:\/\/revistazetta.com\/index.php?rest_route=\/wp\/v2\/types\/post"}],"author":[{"embeddable":true,"href":"https:\/\/revistazetta.com\/index.php?rest_route=\/wp\/v2\/users\/3"}],"replies":[{"embeddable":true,"href":"https:\/\/revistazetta.com\/index.php?rest_route=%2Fwp%2Fv2%2Fcomments&post=22711"}],"version-history":[{"count":0,"href":"https:\/\/revistazetta.com\/index.php?rest_route=\/wp\/v2\/posts\/22711\/revisions"}],"wp:featuredmedia":[{"embeddable":true,"href":"https:\/\/revistazetta.com\/index.php?rest_route=\/wp\/v2\/media\/22724"}],"wp:attachment":[{"href":"https:\/\/revistazetta.com\/index.php?rest_route=%2Fwp%2Fv2%2Fmedia&parent=22711"}],"wp:term":[{"taxonomy":"category","embeddable":true,"href":"https:\/\/revistazetta.com\/index.php?rest_route=%2Fwp%2Fv2%2Fcategories&post=22711"},{"taxonomy":"post_tag","embeddable":true,"href":"https:\/\/revistazetta.com\/index.php?rest_route=%2Fwp%2Fv2%2Ftags&post=22711"}],"curies":[{"name":"wp","href":"https:\/\/api.w.org\/{rel}","templated":true}]}}