{"id":22713,"date":"2017-10-06T06:16:42","date_gmt":"2017-10-06T11:16:42","guid":{"rendered":"http:\/\/www.revistazetta.com\/?p=22713"},"modified":"2017-10-06T06:16:42","modified_gmt":"2017-10-06T11:16:42","slug":"docente-bolivar-viaja-congreso-internacional-paz-alemania","status":"publish","type":"post","link":"https:\/\/revistazetta.com\/?p=22713","title":{"rendered":"Docente de Bol\u00edvar viaja a congreso internacional de Paz en Alemania"},"content":{"rendered":"<blockquote><p><strong><em>El evento es un seminario organizado por el instituto internacional Paulo Freire, de la Universidad Libre de Berl\u00edn, orientado a precisar las acciones que se han desarrollado en la regi\u00f3n de los Montes de Mar\u00eda, en temas de educaci\u00f3n para la Paz.<\/em><\/strong><\/p><\/blockquote>\n<p>El gobernador de Bol\u00edvar, Dumek Turbay Paz, acompa\u00f1ado por la directora de Comfamiliar, Ana Patricia L\u00f3pez R\u00edos y el secretario de Educaci\u00f3n Oscar Mar\u00edn Villalba, hizo entrega formal del tiquete a\u00e9reo ida y vuelta a la profesora Dilia Elena Mej\u00eda Rodr\u00edguez, para que represente al departamento de Bol\u00edvar en seminario internacional organizado por el Instituto Paulo Freire Internationale Akademie Berl\u00edn, en Alemania.<\/p>\n<p>Seminario que ser\u00e1 aprovechado por la docente bolivarense para precisar las acciones que se han desarrollado en la regi\u00f3n de los Montes de Mar\u00eda, en temas relacionados con Educaci\u00f3n para la Paz, \u201cdesde cada rinc\u00f3n del departamento de Bol\u00edvar intentaremos consolidar propuestas educativas pedag\u00f3gicas y did\u00e1cticas orientadas a fortalecer metodolog\u00edas y prevenir el conflicto en situaciones de aprendizaje\u201d, precis\u00f3 Dilia Elena Mej\u00eda.<\/p>\n<p>\u201cEs una motivaci\u00f3n para todos los maestros y maestras del departamento de Bol\u00edvar, la idea es invitarlos a sistematizar sus experiencias, ponerlas en la escena p\u00fablica y compartirlas con la comunidad educativa, de tal manera que posibilite la circulaci\u00f3n de saberes, que sin duda consolidar\u00e1 la cultura de la calidad y la convivencia escolar\u201d, puntualiz\u00f3 la docente.<\/p>\n<p>\u201cDilia es un orgullo para los bolivarenses, se va Alemania a seguir contando las experiencias que la hacen la mejor, agradezco a COMFAMILIAR y al secretario de Educaci\u00f3n Oscar Mar\u00edn, queremos maestros como ella y hoy en el d\u00eda mundial del docente, decirles que tengo un gran compromiso con nuestros ni\u00f1os, con su formaci\u00f3n, para que Bol\u00edvar S\u00ed Avance\u201d, dijo Dumek Turbay Paz, gobernador de Bol\u00edvar.<\/p>\n<p>Por su parte, Ana Patricia L\u00f3pez R\u00edos, directora de Comfamiliar, indic\u00f3 que la Caja est\u00e1 comprometida con la educaci\u00f3n de los bolivarenses y cartageneros, \u201clo que hemos hecho es aportar un granito de arena para exaltar la labor de esta gran maestra, que es orgullo de todos nosotros y que va con un discurso de todos los procesos adelantados por el departamento de Bol\u00edvar en materia de paz\u201d, indic\u00f3 la directora.<\/p>\n<p><strong><u>Reconocimiento en el d\u00eda internacional del docente<\/u><\/strong><\/p>\n<p>El secretario de Educaci\u00f3n de Bol\u00edvar, Oscar Mar\u00edn Villalba, aprovech\u00f3 el escenario para hacer un reconocimiento p\u00fablico y en nombre de la administraci\u00f3n de Dumek Turbay Paz a todos los maestros y maestras del departamento, al conmemorarse una fecha m\u00e1s del d\u00eda internacional del docente.<\/p>\n<p>\u201cHoy es el d\u00eda mundial del maestro donde extendemos nuestra m\u00e1s sinceras felicitaciones, la invitaci\u00f3n es para que no se les olvide el sentimiento altruista por medio del cual se hicieron maestros y que la llama de vocaci\u00f3n de servicio, las ganas de ense\u00f1ar no se pierda y sigamos contribuyendo con el desarrollo de nuestras comunidades\u201d, puntualiz\u00f3 Mar\u00edn Villalba.<\/p>\n<p>M\u00e1s de 400 maestros de todo el globo terr\u00e1queo, que han sido becarios en convenio con la Cooperaci\u00f3n Alemana, tendr\u00e1n la responsabilidad de evaluar el impacto de la pedagog\u00eda de Paulo Freire en Latinoam\u00e9rica, por espacio de 8 d\u00edas en Berl\u00edn.<\/p>\n","protected":false},"excerpt":{"rendered":"<p>El evento es un seminario organizado por el instituto internacional Paulo Freire, de la Universidad Libre de Berl\u00edn, orientado a precisar las acciones que se han desarrollado en la regi\u00f3n de los Montes de Mar\u00eda, en temas de educaci\u00f3n para la Paz. El gobernador de Bol\u00edvar, Dumek Turbay Paz, acompa\u00f1ado por la directora de Comfamiliar, Ana Patricia L\u00f3pez R\u00edos y el secretario de Educaci\u00f3n Oscar Mar\u00edn Villalba, hizo entrega formal del tiquete a\u00e9reo ida y vuelta a la profesora Dilia Elena Mej\u00eda Rodr\u00edguez, para que represente al departamento de Bol\u00edvar&#8230; <\/p>\n","protected":false},"author":3,"featured_media":22714,"comment_status":"open","ping_status":"closed","sticky":false,"template":"","format":"standard","meta":{"footnotes":"","_links_to":"","_links_to_target":""},"categories":[2,75],"tags":[],"class_list":["post-22713","post","type-post","status-publish","format-standard","has-post-thumbnail","hentry","category-actualidad","category-destacada"],"_links":{"self":[{"href":"https:\/\/revistazetta.com\/index.php?rest_route=\/wp\/v2\/posts\/22713","targetHints":{"allow":["GET"]}}],"collection":[{"href":"https:\/\/revistazetta.com\/index.php?rest_route=\/wp\/v2\/posts"}],"about":[{"href":"https:\/\/revistazetta.com\/index.php?rest_route=\/wp\/v2\/types\/post"}],"author":[{"embeddable":true,"href":"https:\/\/revistazetta.com\/index.php?rest_route=\/wp\/v2\/users\/3"}],"replies":[{"embeddable":true,"href":"https:\/\/revistazetta.com\/index.php?rest_route=%2Fwp%2Fv2%2Fcomments&post=22713"}],"version-history":[{"count":0,"href":"https:\/\/revistazetta.com\/index.php?rest_route=\/wp\/v2\/posts\/22713\/revisions"}],"wp:featuredmedia":[{"embeddable":true,"href":"https:\/\/revistazetta.com\/index.php?rest_route=\/wp\/v2\/media\/22714"}],"wp:attachment":[{"href":"https:\/\/revistazetta.com\/index.php?rest_route=%2Fwp%2Fv2%2Fmedia&parent=22713"}],"wp:term":[{"taxonomy":"category","embeddable":true,"href":"https:\/\/revistazetta.com\/index.php?rest_route=%2Fwp%2Fv2%2Fcategories&post=22713"},{"taxonomy":"post_tag","embeddable":true,"href":"https:\/\/revistazetta.com\/index.php?rest_route=%2Fwp%2Fv2%2Ftags&post=22713"}],"curies":[{"name":"wp","href":"https:\/\/api.w.org\/{rel}","templated":true}]}}