{"id":22720,"date":"2017-10-06T07:59:08","date_gmt":"2017-10-06T12:59:08","guid":{"rendered":"http:\/\/www.revistazetta.com\/?p=22720"},"modified":"2017-10-06T07:59:08","modified_gmt":"2017-10-06T12:59:08","slug":"cueter-quiere-una-asamblea-mas-integrada-la-ciudadania","status":"publish","type":"post","link":"https:\/\/revistazetta.com\/?p=22720","title":{"rendered":"Cu\u00e9ter quiere una Asamblea m\u00e1s integrada con la ciudadan\u00eda"},"content":{"rendered":"<p>Lo hab\u00eda anticipado John Zamora en su columna \u00d3rbita Pol\u00edtica del pasado lunes: todo estaba acordado para que Miguel Cu\u00e9ter resultara electo presidente de la Asamblea Departamental, tal como qued\u00f3 confirmado en la sesi\u00f3n matutina de este jueves. Le acompa\u00f1ar\u00e1n en la Mesa Directiva Mario del Castillo, de Centro Democr\u00e1tico, y Ver\u00f3nica Payares, del partido Liberal.<\/p>\n<p>El presidente electo Miguel Cueter manifest\u00f3 que tras las dificultades que atraviesa el pa\u00eds \u201clas Asambleas est\u00e1n llamadas a fortalecer su institucionalidad, a constituirse como puente integrador entre su ciudadan\u00eda y su Gobierno departamental\u201d.<\/p>\n<p>Enfatiz\u00f3 a sus colegas que el trabajo en equipo, la colaboraci\u00f3n, la solidaridad, la responsabilidad, el colegaje y la inclusi\u00f3n, son los valores que se trabajaran en el nuevo periodo, para realizar una labor fruct\u00edfera y arm\u00f3nica para seguir consolidando y construyendo el Bol\u00edvar deseado.<\/p>\n<p>Institucionalmente, el presidente electo tiene dos programas prioritarios: visibilizar y descentralizar la corporaci\u00f3n, con autonom\u00eda e independencia, con capacidad de realizar el ejercicio de control pol\u00edtico al Gobierno, pero con una relaci\u00f3n de orientaci\u00f3n colaborativa y constructiva. De la misma forma buscar\u00e1 programas que permitan llevar la Asamblea a todos los rincones del departamento.<\/p>\n<p>Por su parte, el diputado Mario Del Castillo, elegido primer vicepresidente agradeci\u00f3 a sus colegas por reiterarle su apoyo por tercera ocasi\u00f3n. Se mostr\u00f3 identificado con lo manifestado por el presidente electo, \u201cse establece una hoja de ruta que estaremos respaldando y apoyando, esperamos consolidar todos los proyectos que al interior de la Asamblea departamental beneficien a los bolivarenses dentro del programa del Bol\u00edvar si Avanza\u201d, puntualiz\u00f3.<\/p>\n<p>Entre tanto, la diputada Ver\u00f3nica Payares, elegida segunda vicepresidente, agradeci\u00f3 a sus colegas por poner a su nombre a consideraci\u00f3n \u201cesta noticia me llega con mayor agrado, sabemos que vamos a tener un presidente que va a seguir el sendero que busca el bienestar de los bolivarenses\u201d. Inst\u00f3 a sus colegas a tener una asamblea unida, solidaria con las mujeres y la juventud sin olvidar a los hombres y la tercera edad.<\/p>\n<p>&nbsp;<\/p>\n","protected":false},"excerpt":{"rendered":"<p>Lo hab\u00eda anticipado John Zamora en su columna \u00d3rbita Pol\u00edtica del pasado lunes: todo estaba acordado para que Miguel Cu\u00e9ter resultara electo presidente de la Asamblea Departamental, tal como qued\u00f3 confirmado en la sesi\u00f3n matutina de este jueves. Le acompa\u00f1ar\u00e1n en la Mesa Directiva Mario del Castillo, de Centro Democr\u00e1tico, y Ver\u00f3nica Payares, del partido Liberal. El presidente electo Miguel Cueter manifest\u00f3 que tras las dificultades que atraviesa el pa\u00eds \u201clas Asambleas est\u00e1n llamadas a fortalecer su institucionalidad, a constituirse como puente integrador entre su ciudadan\u00eda y su Gobierno departamental\u201d&#8230;. <\/p>\n","protected":false},"author":3,"featured_media":22721,"comment_status":"open","ping_status":"closed","sticky":false,"template":"","format":"standard","meta":{"footnotes":"","_links_to":"","_links_to_target":""},"categories":[75,28,4],"tags":[],"class_list":["post-22720","post","type-post","status-publish","format-standard","has-post-thumbnail","hentry","category-destacada","category-politica-asamblea","category-politica"],"_links":{"self":[{"href":"https:\/\/revistazetta.com\/index.php?rest_route=\/wp\/v2\/posts\/22720","targetHints":{"allow":["GET"]}}],"collection":[{"href":"https:\/\/revistazetta.com\/index.php?rest_route=\/wp\/v2\/posts"}],"about":[{"href":"https:\/\/revistazetta.com\/index.php?rest_route=\/wp\/v2\/types\/post"}],"author":[{"embeddable":true,"href":"https:\/\/revistazetta.com\/index.php?rest_route=\/wp\/v2\/users\/3"}],"replies":[{"embeddable":true,"href":"https:\/\/revistazetta.com\/index.php?rest_route=%2Fwp%2Fv2%2Fcomments&post=22720"}],"version-history":[{"count":0,"href":"https:\/\/revistazetta.com\/index.php?rest_route=\/wp\/v2\/posts\/22720\/revisions"}],"wp:featuredmedia":[{"embeddable":true,"href":"https:\/\/revistazetta.com\/index.php?rest_route=\/wp\/v2\/media\/22721"}],"wp:attachment":[{"href":"https:\/\/revistazetta.com\/index.php?rest_route=%2Fwp%2Fv2%2Fmedia&parent=22720"}],"wp:term":[{"taxonomy":"category","embeddable":true,"href":"https:\/\/revistazetta.com\/index.php?rest_route=%2Fwp%2Fv2%2Fcategories&post=22720"},{"taxonomy":"post_tag","embeddable":true,"href":"https:\/\/revistazetta.com\/index.php?rest_route=%2Fwp%2Fv2%2Ftags&post=22720"}],"curies":[{"name":"wp","href":"https:\/\/api.w.org\/{rel}","templated":true}]}}