{"id":22722,"date":"2017-10-06T08:14:59","date_gmt":"2017-10-06T13:14:59","guid":{"rendered":"http:\/\/www.revistazetta.com\/?p=22722"},"modified":"2017-10-06T08:14:59","modified_gmt":"2017-10-06T13:14:59","slug":"orbita-politica-john-zamora-viernes-6-octubre","status":"publish","type":"post","link":"https:\/\/revistazetta.com\/?p=22722","title":{"rendered":"\u00d3rbita Pol\u00edtica de John Zamora \u2013 viernes 6 de octubre"},"content":{"rendered":"<p><strong>Qu\u00edtate t\u00fa, pa\u2019 ponerme yo: ahora sale Barrios y vuelve a entrar Toncel<\/strong><\/p>\n<p>Y ahora es Wilson Toncel el que regresa al Concejo, y el que sale es Carlos Barrios. La pugna por la cuarta curul de Cambio Radical volvi\u00f3 a registrar una decisi\u00f3n judicial, y le corresponde de nuevo a Lewis Montero, presidente de la entidad, acatar la decisi\u00f3n.<\/p>\n<p>En esta oportunidad es la Corte Suprema de Justicia la que revoc\u00f3 la tutela que permiti\u00f3 a Carlos Barrios regresar al Concejo, y en consecuencia ahora se deber\u00e1 emitir un acto administrativo para asignarle la curul a Toncel.<\/p>\n<p>El ahora concejal Wilson Toncel recibi\u00f3 la noticia en Bogot\u00e1, donde se encuentra adelantando estudios de especializaci\u00f3n en la Universidad Javeriana, estar\u00e1 en clases este viernes y s\u00e1bado, y espera reasumir la curul el domingo.<\/p>\n<p>En este caso se han presentado sucesivas situaciones jur\u00eddicas que han determinado la entrada y salida alternada de Barrios y Toncel.<\/p>\n<p>&nbsp;<\/p>\n<p><strong>Mercado de l\u00e1grimas<\/strong><\/p>\n<p>Lo vi y no lo cre\u00ed. Me record\u00f3 a mi abuelita, fan\u00e1tica de las novelas mexicanas, y tambi\u00e9n del programa \u201cLa carabina de Ambrosio\u201d, donde parodiaban las rid\u00edculas escenas donde los protagonistas se retorc\u00edan llorando por situaciones absurdas, en una famosa secci\u00f3n llamada \u201cMercado de l\u00e1grimas\u201d. As\u00ed es el video donde Musa Besaile expone con extrema ridiculez a su familia, minutos antes de su entrega a la Polic\u00eda en Monter\u00eda. \u00a1A l\u00e1grima tendida muestra a los hijos, y el hilo conductor lo lleva su esposa, defendiendo a un \u201chombre bueno y padre ejemplar\u201d, como era obvio esperar que dijera! \u00a1Qu\u00e9 rid\u00edculo y qu\u00e9 equivocaci\u00f3n! Si esa es la estrategia jur\u00eddica, nos espera un verdadero \u201cculebr\u00f3n\u201d, como se le dice en las notas de far\u00e1ndula a los novelones de televisi\u00f3n.<\/p>\n<p>&nbsp;<\/p>\n<p><strong>Corte escucha a C\u00e1ceres<\/strong><\/p>\n<p>Por estos d\u00edas el exsenador Javier C\u00e1ceres tiene una importante cita en la Corte Suprema de Justicia, a donde ir\u00e1 a explicar su visi\u00f3n de la corrupci\u00f3n de los falladores en la sala Penal de esa instituci\u00f3n. Por muchos a\u00f1os, y a trav\u00e9s de su revista la Injusticia\u201d, C\u00e1ceres ha denunciado que se paga para absolver o para condenar, y que se le ha torcido el pescuezo a la ley para hacer de la parapol\u00edtica un instrumento para acicalar la imagen de la Corte y perjudicar a enemigos pol\u00edticos. En sus cuentas, hay 75 condenados, de los cuales 50 ser\u00edan inocentes. Eso s\u00ed, C\u00e1ceres aclar\u00f3 que la cita no es para pedir beneficios personales. Recordemos que fue procesado y condenado, y desde entonces libra una batalla para limpiar su nombre y denunciar anomal\u00edas.<\/p>\n<p>&nbsp;<\/p>\n","protected":false},"excerpt":{"rendered":"<p>Qu\u00edtate t\u00fa, pa\u2019 ponerme yo: ahora sale Barrios y vuelve a entrar Toncel Y ahora es Wilson Toncel el que regresa al Concejo, y el que sale es Carlos Barrios. La pugna por la cuarta curul de Cambio Radical volvi\u00f3 a registrar una decisi\u00f3n judicial, y le corresponde de nuevo a Lewis Montero, presidente de la entidad, acatar la decisi\u00f3n. En esta oportunidad es la Corte Suprema de Justicia la que revoc\u00f3 la tutela que permiti\u00f3 a Carlos Barrios regresar al Concejo, y en consecuencia ahora se deber\u00e1 emitir un&#8230; <\/p>\n","protected":false},"author":3,"featured_media":22723,"comment_status":"open","ping_status":"closed","sticky":false,"template":"","format":"standard","meta":{"footnotes":"","_links_to":"","_links_to_target":""},"categories":[75,47,44,45],"tags":[],"class_list":["post-22722","post","type-post","status-publish","format-standard","has-post-thumbnail","hentry","category-destacada","category-john-zamora","category-materiagris","category-orbita"],"_links":{"self":[{"href":"https:\/\/revistazetta.com\/index.php?rest_route=\/wp\/v2\/posts\/22722","targetHints":{"allow":["GET"]}}],"collection":[{"href":"https:\/\/revistazetta.com\/index.php?rest_route=\/wp\/v2\/posts"}],"about":[{"href":"https:\/\/revistazetta.com\/index.php?rest_route=\/wp\/v2\/types\/post"}],"author":[{"embeddable":true,"href":"https:\/\/revistazetta.com\/index.php?rest_route=\/wp\/v2\/users\/3"}],"replies":[{"embeddable":true,"href":"https:\/\/revistazetta.com\/index.php?rest_route=%2Fwp%2Fv2%2Fcomments&post=22722"}],"version-history":[{"count":0,"href":"https:\/\/revistazetta.com\/index.php?rest_route=\/wp\/v2\/posts\/22722\/revisions"}],"wp:featuredmedia":[{"embeddable":true,"href":"https:\/\/revistazetta.com\/index.php?rest_route=\/wp\/v2\/media\/22723"}],"wp:attachment":[{"href":"https:\/\/revistazetta.com\/index.php?rest_route=%2Fwp%2Fv2%2Fmedia&parent=22722"}],"wp:term":[{"taxonomy":"category","embeddable":true,"href":"https:\/\/revistazetta.com\/index.php?rest_route=%2Fwp%2Fv2%2Fcategories&post=22722"},{"taxonomy":"post_tag","embeddable":true,"href":"https:\/\/revistazetta.com\/index.php?rest_route=%2Fwp%2Fv2%2Ftags&post=22722"}],"curies":[{"name":"wp","href":"https:\/\/api.w.org\/{rel}","templated":true}]}}