{"id":22727,"date":"2017-10-07T06:36:06","date_gmt":"2017-10-07T11:36:06","guid":{"rendered":"http:\/\/www.revistazetta.com\/?p=22727"},"modified":"2017-10-07T06:36:06","modified_gmt":"2017-10-07T11:36:06","slug":"serrania-san-lucas-habra-concertacion-no-imposicion","status":"publish","type":"post","link":"https:\/\/revistazetta.com\/?p=22727","title":{"rendered":"Serran\u00eda de San Lucas: habr\u00e1 concertaci\u00f3n y no imposici\u00f3n"},"content":{"rendered":"<div><img loading=\"lazy\" decoding=\"async\" class=\"alignright size-medium wp-image-22729\" src=\"https:\/\/www.revistazetta.com\/wp-content\/uploads\/2017\/10\/WhatsApp-Image-2017-10-06-at-15.11.43-300x188.jpeg\" alt=\"\" width=\"300\" height=\"188\" srcset=\"https:\/\/revistazetta.com\/wp-content\/uploads\/2017\/10\/WhatsApp-Image-2017-10-06-at-15.11.43-300x188.jpeg 300w, https:\/\/revistazetta.com\/wp-content\/uploads\/2017\/10\/WhatsApp-Image-2017-10-06-at-15.11.43.jpeg 1024w, https:\/\/revistazetta.com\/wp-content\/uploads\/2017\/10\/WhatsApp-Image-2017-10-06-at-15.11.43-234x146.jpeg 234w, https:\/\/revistazetta.com\/wp-content\/uploads\/2017\/10\/WhatsApp-Image-2017-10-06-at-15.11.43-50x31.jpeg 50w, https:\/\/revistazetta.com\/wp-content\/uploads\/2017\/10\/WhatsApp-Image-2017-10-06-at-15.11.43-120x75.jpeg 120w\" sizes=\"auto, (max-width: 300px) 100vw, 300px\" \/>Al t\u00e9rmino del Encuentro Ambiental y Minero del\u00a0 sur de Bol\u00edvar, que se llev\u00f3 a cabo este viernes en Mompox, el gobernador Dumek Turbay dio a conocer que el futuro de la Serran\u00eda de San Lucas ser\u00e1 definido de manera concertada y no unilateral como lleg\u00f3 a especularse en alg\u00fan momento.<\/div>\n<div><\/div>\n<div>De acuerdo con Turbay Paz, tras el anuncio conocido hace unas semanas con respecto a la posibilidad de que la serran\u00eda de San Lucas sea declarada reserva natural, fue acordado este viernes que no se tomar\u00e1 ninguna decisi\u00f3n sin la participaci\u00f3n de las comunidades que hist\u00f3ricamente han vivido de la miner\u00eda en esta zona del sur de Bol\u00edvar, los alcaldes de los municipios en este \u00e1rea de influencia, el Gobierno Nacional, y la Administraci\u00f3n Departamental a trav\u00e9s de sus secretar\u00edas de Desarrollo Regional y de Minas.<\/div>\n<div><\/div>\n<div>La decisi\u00f3n se conoci\u00f3 en medio del Encuentro Ambiental y Minero que cont\u00f3 con la participaci\u00f3n, entre otros, del secretario de Minas y Energ\u00eda, Germ\u00e1n Arce; el viceministro de Medio Ambiente, Carlos Botero; la directora nacional de Parques Naturales, Julia Miranda; la presidenta de la Agencia Nacional Minera de Colombia, Silvana Habib Daza; alcaldes del sur de Bol\u00edvar y Antioquia, y l\u00edderes de asociaciones mineras<\/div>\n<div><\/div>\n<div>\u201cDestruimos la desinformaci\u00f3n. Hoy ha quedado claro cu\u00e1l es el proceso. Parques Naturales ha se\u00f1alado de manera absolutamente vehemente que es un proceso de construcci\u00f3n colectiva, en consenso con las comunidades, determinando una ruta de entendimiento, de discusi\u00f3n, de di\u00e1logo permanente, con autoridades y ciudadanos\u201d, dijo Turbay Paz.<\/div>\n<div><\/div>\n<div>El mandatario departamental tambi\u00e9n se refiri\u00f3 al papel que debe desempe\u00f1ar la Administraci\u00f3n Departamental en la preservaci\u00f3n de la serran\u00eda de San Lucas.<\/div>\n<div><\/div>\n<div>\u201cTambi\u00e9n entendemos las responsabilidades que tenemos en el territorio. Se tiene que cuidar el medio ambiente.\u00a0 Hay una fauna y una flora que necesita de nosotros. Y lo m\u00e1s claro es que todo lo que hagamos. Ese irrespeto o atropello de la fauna y la flora se va a traducir, lamentablemente, en la afectaci\u00f3n de nuestras vidas\u201d, recalc\u00f3 el Gobernador de Bol\u00edvar.<\/div>\n<div><\/div>\n<div>Turbay Paz puntualiz\u00f3 que \u201ctiene que haber un justo equilibrio que es el que ha quedado claro hoy: no hay decisiones de un plumazo. No hay imposiciones y esa es una de las grandes conclusiones de esta reuni\u00f3n\u201d.<\/div>\n<div><\/div>\n<div>Por su parte, el ministro de Minas y Energ\u00eda, Germ\u00e1n Arce, se refiri\u00f3 a lo que ha sido denominado \u2018Ruta de socializaci\u00f3n con las comunidades\u2019, en cada uno de los municipios del \u00e1rea de influencia de la Serran\u00eda de San Lucas, con el fin de que cada una de las partes involucradas en este proceso.<\/div>\n<div><\/div>\n<div>\u201cCon la doctora Julia Miranda, que dirige Parques Nacionales, y quien ha obtenido informaci\u00f3n durante ocho a\u00f1os de la serran\u00eda de San Lucas, nos comprometimos a hacer una ruta de socializaci\u00f3n que permita contarle a cada uno de estos territorios cu\u00e1les son las complejidades y desaf\u00edos que tenemos que restaurar para un di\u00e1logo franco. Y que esto nos permita una ruta de salida para proteger este ecosistema y atender las necesidades de las comunidades que se van a ver impactadas en la decisi\u00f3n que se pueda tomar\u201d, puntualiz\u00f3 Arce.<\/div>\n<div><\/div>\n<div>Recalc\u00f3 que \u201cno estamos en la decisi\u00f3n excluyente de miner\u00eda s\u00ed o miner\u00eda no. Nosotros creemos que s\u00ed hay una miner\u00eda que se pueda hacer, no en todas partes, no de cualquier manera y ese es el ejercicio que se est\u00e1 trabajando tanto con las autoridades ambientales como con las regionales\u201d.<\/div>\n","protected":false},"excerpt":{"rendered":"<p>Al t\u00e9rmino del Encuentro Ambiental y Minero del\u00a0 sur de Bol\u00edvar, que se llev\u00f3 a cabo este viernes en Mompox, el gobernador Dumek Turbay dio a conocer que el futuro de la Serran\u00eda de San Lucas ser\u00e1 definido de manera concertada y no unilateral como lleg\u00f3 a especularse en alg\u00fan momento. De acuerdo con Turbay Paz, tras el anuncio conocido hace unas semanas con respecto a la posibilidad de que la serran\u00eda de San Lucas sea declarada reserva natural, fue acordado este viernes que no se tomar\u00e1 ninguna decisi\u00f3n sin&#8230; <\/p>\n","protected":false},"author":3,"featured_media":22728,"comment_status":"open","ping_status":"closed","sticky":false,"template":"","format":"standard","meta":{"footnotes":"","_links_to":"","_links_to_target":""},"categories":[80,75],"tags":[],"class_list":["post-22727","post","type-post","status-publish","format-standard","has-post-thumbnail","hentry","category-region","category-destacada"],"_links":{"self":[{"href":"https:\/\/revistazetta.com\/index.php?rest_route=\/wp\/v2\/posts\/22727","targetHints":{"allow":["GET"]}}],"collection":[{"href":"https:\/\/revistazetta.com\/index.php?rest_route=\/wp\/v2\/posts"}],"about":[{"href":"https:\/\/revistazetta.com\/index.php?rest_route=\/wp\/v2\/types\/post"}],"author":[{"embeddable":true,"href":"https:\/\/revistazetta.com\/index.php?rest_route=\/wp\/v2\/users\/3"}],"replies":[{"embeddable":true,"href":"https:\/\/revistazetta.com\/index.php?rest_route=%2Fwp%2Fv2%2Fcomments&post=22727"}],"version-history":[{"count":0,"href":"https:\/\/revistazetta.com\/index.php?rest_route=\/wp\/v2\/posts\/22727\/revisions"}],"wp:featuredmedia":[{"embeddable":true,"href":"https:\/\/revistazetta.com\/index.php?rest_route=\/wp\/v2\/media\/22728"}],"wp:attachment":[{"href":"https:\/\/revistazetta.com\/index.php?rest_route=%2Fwp%2Fv2%2Fmedia&parent=22727"}],"wp:term":[{"taxonomy":"category","embeddable":true,"href":"https:\/\/revistazetta.com\/index.php?rest_route=%2Fwp%2Fv2%2Fcategories&post=22727"},{"taxonomy":"post_tag","embeddable":true,"href":"https:\/\/revistazetta.com\/index.php?rest_route=%2Fwp%2Fv2%2Ftags&post=22727"}],"curies":[{"name":"wp","href":"https:\/\/api.w.org\/{rel}","templated":true}]}}