{"id":22735,"date":"2017-10-08T05:36:59","date_gmt":"2017-10-08T10:36:59","guid":{"rendered":"http:\/\/www.revistazetta.com\/?p=22735"},"modified":"2017-10-08T05:36:59","modified_gmt":"2017-10-08T10:36:59","slug":"partido-verde-prorrogo-mes-suspension-angelica-hodeg","status":"publish","type":"post","link":"https:\/\/revistazetta.com\/?p=22735","title":{"rendered":"Partido Verde prorrog\u00f3 por un mes suspensi\u00f3n a Ang\u00e9lica Hodeg"},"content":{"rendered":"<p>El partido Alianza Verde comunic\u00f3 al concejo de Cartagena la decisi\u00f3n de ampliar en un mes la suspensi\u00f3n que le ha impuesto a la concejal Ang\u00e9lica Hodeg, y que le representa la imposibilidad de tener voz y voto, aunque no le impide asistir.<\/p>\n<p>Carlos Alberto Camacho S\u00e1nchez,\u00a0 del Consejo de Control \u00c9tico del Partido Verde, en una misiva enviada a la Mesa Directiva del Concejo de Cartagena, inform\u00f3 que el pasado 28 de septiembre de 2017 se profiri\u00f3 auto dentro del expediente de Ang\u00e9lica Hodeg que dice: \u201ccomo medida cautelar ordena prorrogar la suspensi\u00f3n provisional inmediata ordenada mediante auto del pasado 30 de agosto de 2017 a la concejala Ang\u00e9lica Hodeg, en el periodo de 2015 a 2019, en lo concerniente a sus funciones y derechos voz y voto de esa corporaci\u00f3n\u201d.<\/p>\n<p>La concejal se ha ausentado de las primeras sesiones del actual periodo ordinario por excusa m\u00e9dica.<\/p>\n<p>El concejal C\u00e9sar Pi\u00f3n\u00a0se refiri\u00f3 a la decisi\u00f3n del Partido Verde, advirtiendo que si\u00a0 a un concejal le quitan la voz y el voto en un periodo donde se van a estudiar proyectos de acuerdo importantes, es claro que perder\u00e1 la investidura porque no podr\u00e1 participar en el estudio de estos proyectos.<\/p>\n<p>&nbsp;<\/p>\n<p>&nbsp;<\/p>\n","protected":false},"excerpt":{"rendered":"<p>El partido Alianza Verde comunic\u00f3 al concejo de Cartagena la decisi\u00f3n de ampliar en un mes la suspensi\u00f3n que le ha impuesto a la concejal Ang\u00e9lica Hodeg, y que le representa la imposibilidad de tener voz y voto, aunque no le impide asistir. Carlos Alberto Camacho S\u00e1nchez,\u00a0 del Consejo de Control \u00c9tico del Partido Verde, en una misiva enviada a la Mesa Directiva del Concejo de Cartagena, inform\u00f3 que el pasado 28 de septiembre de 2017 se profiri\u00f3 auto dentro del expediente de Ang\u00e9lica Hodeg que dice: \u201ccomo medida cautelar&#8230; <\/p>\n","protected":false},"author":3,"featured_media":22736,"comment_status":"open","ping_status":"closed","sticky":false,"template":"","format":"standard","meta":{"footnotes":"","_links_to":"","_links_to_target":""},"categories":[4,27],"tags":[],"class_list":["post-22735","post","type-post","status-publish","format-standard","has-post-thumbnail","hentry","category-politica","category-politicaconcejo"],"_links":{"self":[{"href":"https:\/\/revistazetta.com\/index.php?rest_route=\/wp\/v2\/posts\/22735","targetHints":{"allow":["GET"]}}],"collection":[{"href":"https:\/\/revistazetta.com\/index.php?rest_route=\/wp\/v2\/posts"}],"about":[{"href":"https:\/\/revistazetta.com\/index.php?rest_route=\/wp\/v2\/types\/post"}],"author":[{"embeddable":true,"href":"https:\/\/revistazetta.com\/index.php?rest_route=\/wp\/v2\/users\/3"}],"replies":[{"embeddable":true,"href":"https:\/\/revistazetta.com\/index.php?rest_route=%2Fwp%2Fv2%2Fcomments&post=22735"}],"version-history":[{"count":0,"href":"https:\/\/revistazetta.com\/index.php?rest_route=\/wp\/v2\/posts\/22735\/revisions"}],"wp:featuredmedia":[{"embeddable":true,"href":"https:\/\/revistazetta.com\/index.php?rest_route=\/wp\/v2\/media\/22736"}],"wp:attachment":[{"href":"https:\/\/revistazetta.com\/index.php?rest_route=%2Fwp%2Fv2%2Fmedia&parent=22735"}],"wp:term":[{"taxonomy":"category","embeddable":true,"href":"https:\/\/revistazetta.com\/index.php?rest_route=%2Fwp%2Fv2%2Fcategories&post=22735"},{"taxonomy":"post_tag","embeddable":true,"href":"https:\/\/revistazetta.com\/index.php?rest_route=%2Fwp%2Fv2%2Ftags&post=22735"}],"curies":[{"name":"wp","href":"https:\/\/api.w.org\/{rel}","templated":true}]}}