{"id":22737,"date":"2017-10-08T06:39:48","date_gmt":"2017-10-08T11:39:48","guid":{"rendered":"http:\/\/www.revistazetta.com\/?p=22737"},"modified":"2017-10-08T06:39:48","modified_gmt":"2017-10-08T11:39:48","slug":"concejo-se-sacude-retoma-agenda-control-politico","status":"publish","type":"post","link":"https:\/\/revistazetta.com\/?p=22737","title":{"rendered":"Concejo se sacude y retoma agenda de control pol\u00edtico"},"content":{"rendered":"<p>La vida sigue, las obligaciones hay que cumplirlas y por eso el efecto de la citaci\u00f3n de la Fiscal\u00eda a 9 integrantes del Concejo se est\u00e1 tomando como un punto en m\u00e1s la agenda que no pueda eclipsar el control pol\u00edtico que debe ejercer.<\/p>\n<p>Los concejales est\u00e1n retomando el tono habitual de su trabajo, y est\u00e1n anunciando revisi\u00f3n al cumplimiento del plan de desarrollo \u201cPrimero la Gente\u201d, al presupuesto 2018 y citaciones a funcionarios.<\/p>\n<p>\u201cEn mi condici\u00f3n de concejal de Cartagena tengo la obligaci\u00f3n de garantizar que las inversiones, obras y programas establecidas en el Plan de Desarrollo, son compromisos adquiridos. Por eso, solicito que para el estudio del presupuesto se me informe qu\u00e9 se ha hecho\u201d, dijo Javier Curi Osorio.<\/p>\n<p>\u201cMe llama la atenci\u00f3n de lo que viene pasando con programas como el de la tercera edad, cu\u00e1les son las inversiones en infraestructura educativa, en salud y otras inquietudes. Por eso debemos reunirnos con el Alcalde y su equipo de gobierno para que se cumpla con las metodolog\u00edas definidas por Planeaci\u00f3n \u00a0Nacional para lograr estudiar el presupuesto\u201d, expres\u00f3.<\/p>\n<p>As\u00ed mismo, el presidente del Concejo, Lewis Montero Polo, indic\u00f3 que los planteamientos de Curi son acertados y urge reunirse con el Alcalde (e) para analizar el presupuesto de 2018.<\/p>\n<p>Por su parte, Duvinia Torres, manifest\u00f3 estar\u00a0 de acuerdo con el concejal Javier Curi y recalc\u00f3 que este lunes presentar\u00e1 una proposici\u00f3n que recoger\u00e1 las inquietudes de todos los concejales para que el Distrito d\u00e9 explicaciones al Concejo.<\/p>\n<p>Entre tanto, el concejal, C\u00e9sar Pi\u00f3n, enfatiz\u00f3 que debe conocerse si se ha cumplido con el Plan de Desarrollo, documento que sirve de base para estudiar el presupuesto.<\/p>\n<p>\u201cNo se puede discutir el presupuesto, si no existe una evaluaci\u00f3n del Plan de Desarrollo del Distrito. Debemos saber qu\u00e9 se ha invertido y d\u00f3nde\u201d, se\u00f1al\u00f3 Pi\u00f3n.<\/p>\n<p>&nbsp;<\/p>\n<p><strong>\u201cHay que ejercer un verdadero Control pol\u00edtico\u201d: Caballero<\/strong><\/p>\n<p>Por su parte, el concejal David Caballero indic\u00f3 que lo expresado por sus colegas Javier Curi, Duvinia Torres, C\u00e9sar Pi\u00f3n y otros, ameritaba una interpelaci\u00f3n.<\/p>\n<p>\u201cYa es hora de que hagamos un control pol\u00edtico serio a los secretarios del Distrito. Si realmente estos secretarios no han cumplido con el Plan de Desarrollo, hay que aplicarles una moci\u00f3n\u201d, recalc\u00f3 Caballero.<\/p>\n<p>Por su parte, Rodrigo Reyes dijo estar de acuerdo con sus colegas en la revisi\u00f3n del Plan de Desarrollo, porque la ciudad debe conocer en qu\u00e9 se ha avanzado y de igual forma respald\u00f3 a David Caballero en su propuesta de ejercer un control pol\u00edtico al Distrito.<\/p>\n<p>\u201cEn la Zona Sur oriental la comunidad tuvo que salir a protestar para que usaran los $300 millones para reparchear la V\u00eda Perimetral. Ah\u00ed estaba la plata y no la usaban, mientras el deterioro avanzaba\u201d.<\/p>\n<p>As\u00ed mismo, el concejal Carlos Barrios indic\u00f3 que el presupuesto de Cartagena tiene un grave problema con los ingresos y por eso advirti\u00f3 que el Distrito debe informar cu\u00e1les son los ingresos reales de los impuestos y las sobretasas que se cobran. \u201cLos recaudos son m\u00ednimos, frente a unas carteras altas, que no se han depurado\u201d, manifest\u00f3.<\/p>\n<p>&nbsp;<\/p>\n","protected":false},"excerpt":{"rendered":"<p>La vida sigue, las obligaciones hay que cumplirlas y por eso el efecto de la citaci\u00f3n de la Fiscal\u00eda a 9 integrantes del Concejo se est\u00e1 tomando como un punto en m\u00e1s la agenda que no pueda eclipsar el control pol\u00edtico que debe ejercer. Los concejales est\u00e1n retomando el tono habitual de su trabajo, y est\u00e1n anunciando revisi\u00f3n al cumplimiento del plan de desarrollo \u201cPrimero la Gente\u201d, al presupuesto 2018 y citaciones a funcionarios. \u201cEn mi condici\u00f3n de concejal de Cartagena tengo la obligaci\u00f3n de garantizar que las inversiones, obras&#8230; <\/p>\n","protected":false},"author":3,"featured_media":22738,"comment_status":"open","ping_status":"closed","sticky":false,"template":"","format":"standard","meta":{"footnotes":"","_links_to":"","_links_to_target":""},"categories":[75,27,4],"tags":[],"class_list":["post-22737","post","type-post","status-publish","format-standard","has-post-thumbnail","hentry","category-destacada","category-politicaconcejo","category-politica"],"_links":{"self":[{"href":"https:\/\/revistazetta.com\/index.php?rest_route=\/wp\/v2\/posts\/22737","targetHints":{"allow":["GET"]}}],"collection":[{"href":"https:\/\/revistazetta.com\/index.php?rest_route=\/wp\/v2\/posts"}],"about":[{"href":"https:\/\/revistazetta.com\/index.php?rest_route=\/wp\/v2\/types\/post"}],"author":[{"embeddable":true,"href":"https:\/\/revistazetta.com\/index.php?rest_route=\/wp\/v2\/users\/3"}],"replies":[{"embeddable":true,"href":"https:\/\/revistazetta.com\/index.php?rest_route=%2Fwp%2Fv2%2Fcomments&post=22737"}],"version-history":[{"count":0,"href":"https:\/\/revistazetta.com\/index.php?rest_route=\/wp\/v2\/posts\/22737\/revisions"}],"wp:featuredmedia":[{"embeddable":true,"href":"https:\/\/revistazetta.com\/index.php?rest_route=\/wp\/v2\/media\/22738"}],"wp:attachment":[{"href":"https:\/\/revistazetta.com\/index.php?rest_route=%2Fwp%2Fv2%2Fmedia&parent=22737"}],"wp:term":[{"taxonomy":"category","embeddable":true,"href":"https:\/\/revistazetta.com\/index.php?rest_route=%2Fwp%2Fv2%2Fcategories&post=22737"},{"taxonomy":"post_tag","embeddable":true,"href":"https:\/\/revistazetta.com\/index.php?rest_route=%2Fwp%2Fv2%2Ftags&post=22737"}],"curies":[{"name":"wp","href":"https:\/\/api.w.org\/{rel}","templated":true}]}}