{"id":22739,"date":"2017-10-08T06:57:43","date_gmt":"2017-10-08T11:57:43","guid":{"rendered":"http:\/\/www.revistazetta.com\/?p=22739"},"modified":"2017-10-08T06:57:43","modified_gmt":"2017-10-08T11:57:43","slug":"la-alegria-no-edad-palenque","status":"publish","type":"post","link":"https:\/\/revistazetta.com\/?p=22739","title":{"rendered":"La alegr\u00eda no tiene edad en Palenque"},"content":{"rendered":"<blockquote><p><strong><em>El corregimiento de Palenque, del municipio de Mahates recibi\u00f3 al equipo de Gesti\u00f3n Social del Bol\u00edvar S\u00ed Avanza, que lleg\u00f3 para desarrollar una importante jornada de atenci\u00f3n integral a la primera infancia, las mujeres y los adultos mayores. <\/em><\/strong><\/p><\/blockquote>\n<p><img loading=\"lazy\" decoding=\"async\" class=\"alignright size-medium wp-image-22742\" src=\"https:\/\/www.revistazetta.com\/wp-content\/uploads\/2017\/10\/IMG-20171007-WA0096-300x188.jpg\" alt=\"\" width=\"300\" height=\"188\" \/>En la instituci\u00f3n educativa Benkos Bioh\u00f3 se sostuvo un encuentro liderado por el equipo de la gestora social de Bol\u00edvar, Liliana Majana de Turbay, con los m\u00e1s de 60 ni\u00f1os que asisten a este centro educativo. Durante todo el d\u00eda se desarroll\u00f3 una jornada l\u00fadico \u2013 pedag\u00f3gica en la que particip\u00f3 activamente toda la comunidad infantil, en compa\u00f1\u00eda de sus maestros.<\/p>\n<p>Mar Pi\u00f1eros Manjarrez, coordinadora de la etnoludoteca de Palenque, manifest\u00f3 \u201cla jornada me pareci\u00f3 muy positiva porque todos los ni\u00f1os se pudieron divertir y vivieron un momento muy feliz que hace mucho tiempo no experimentaban. Le agradecemos enormemente al gobernador Dumek Turbay\u201d.<\/p>\n<p>As\u00ed mismo, de manera simult\u00e1nea el gobierno departamental comparti\u00f3 con todos los adultos mayores del corregimiento, en donde se les realiz\u00f3 una atenci\u00f3n integral acompa\u00f1ada por una jornada psicosocial y de esparcimiento, complementada con entregas de regalos y aplicaci\u00f3n de vacunas para fortalecer su estado su salud.<\/p>\n<p><img loading=\"lazy\" decoding=\"async\" class=\"alignright size-medium wp-image-22743\" src=\"https:\/\/www.revistazetta.com\/wp-content\/uploads\/2017\/10\/IMG-20171007-WA0137-300x188.jpg\" alt=\"\" width=\"300\" height=\"188\" \/>Las mujeres de Palenque tambi\u00e9n fueron protagonistas de primer orden durante esta gran actividad, ya que se les brindaron charlas sobre empoderamiento y prevenci\u00f3n de violencia de g\u00e9nero a trav\u00e9s del programa <em>Cuentas conmigo. <\/em>Una vez m\u00e1s el equipo de Gesti\u00f3n Social del Bol\u00edvar S\u00ed Avanza ratifica su apoyo a toda la poblaci\u00f3n, como son la primera infancia y la adolescencia, los adultos mayores, las mujeres y los discapacitados.<\/p>\n<p>\u201cHoy vinimos\u00a0 a traer nuestros programas de atenci\u00f3n a toda la poblaci\u00f3n. Ha sido una jornada bastante productiva, continuaremos recorriendo los diferentes territorios del departamento\u201d, concluy\u00f3 Ana Milena Jim\u00e9nez, directora de Gesti\u00f3n Social de Bol\u00edvar.<\/p>\n<p>&nbsp;<\/p>\n<p><img loading=\"lazy\" decoding=\"async\" class=\"alignright size-medium wp-image-22741\" src=\"https:\/\/www.revistazetta.com\/wp-content\/uploads\/2017\/10\/IMG-20171007-WA0090-300x188.jpg\" alt=\"\" width=\"300\" height=\"188\" \/><\/p>\n","protected":false},"excerpt":{"rendered":"<p>El corregimiento de Palenque, del municipio de Mahates recibi\u00f3 al equipo de Gesti\u00f3n Social del Bol\u00edvar S\u00ed Avanza, que lleg\u00f3 para desarrollar una importante jornada de atenci\u00f3n integral a la primera infancia, las mujeres y los adultos mayores. En la instituci\u00f3n educativa Benkos Bioh\u00f3 se sostuvo un encuentro liderado por el equipo de la gestora social de Bol\u00edvar, Liliana Majana de Turbay, con los m\u00e1s de 60 ni\u00f1os que asisten a este centro educativo. Durante todo el d\u00eda se desarroll\u00f3 una jornada l\u00fadico \u2013 pedag\u00f3gica en la que particip\u00f3 activamente&#8230; <\/p>\n","protected":false},"author":3,"featured_media":22740,"comment_status":"open","ping_status":"closed","sticky":false,"template":"","format":"standard","meta":{"footnotes":"","_links_to":"","_links_to_target":""},"categories":[75,83,80],"tags":[],"class_list":["post-22739","post","type-post","status-publish","format-standard","has-post-thumbnail","hentry","category-destacada","category-municipios","category-region"],"_links":{"self":[{"href":"https:\/\/revistazetta.com\/index.php?rest_route=\/wp\/v2\/posts\/22739","targetHints":{"allow":["GET"]}}],"collection":[{"href":"https:\/\/revistazetta.com\/index.php?rest_route=\/wp\/v2\/posts"}],"about":[{"href":"https:\/\/revistazetta.com\/index.php?rest_route=\/wp\/v2\/types\/post"}],"author":[{"embeddable":true,"href":"https:\/\/revistazetta.com\/index.php?rest_route=\/wp\/v2\/users\/3"}],"replies":[{"embeddable":true,"href":"https:\/\/revistazetta.com\/index.php?rest_route=%2Fwp%2Fv2%2Fcomments&post=22739"}],"version-history":[{"count":0,"href":"https:\/\/revistazetta.com\/index.php?rest_route=\/wp\/v2\/posts\/22739\/revisions"}],"wp:featuredmedia":[{"embeddable":true,"href":"https:\/\/revistazetta.com\/index.php?rest_route=\/wp\/v2\/media\/22740"}],"wp:attachment":[{"href":"https:\/\/revistazetta.com\/index.php?rest_route=%2Fwp%2Fv2%2Fmedia&parent=22739"}],"wp:term":[{"taxonomy":"category","embeddable":true,"href":"https:\/\/revistazetta.com\/index.php?rest_route=%2Fwp%2Fv2%2Fcategories&post=22739"},{"taxonomy":"post_tag","embeddable":true,"href":"https:\/\/revistazetta.com\/index.php?rest_route=%2Fwp%2Fv2%2Ftags&post=22739"}],"curies":[{"name":"wp","href":"https:\/\/api.w.org\/{rel}","templated":true}]}}