{"id":22768,"date":"2017-10-08T07:46:48","date_gmt":"2017-10-08T12:46:48","guid":{"rendered":"http:\/\/www.revistazetta.com\/?p=22768"},"modified":"2017-10-08T07:46:48","modified_gmt":"2017-10-08T12:46:48","slug":"se-fortalece-educacion-la-union-politecnica-distrital-santa-marta-gestionada-carlos-caicedo","status":"publish","type":"post","link":"https:\/\/revistazetta.com\/?p=22768","title":{"rendered":"Se fortalece educaci\u00f3n con la Uni\u00f3n Polit\u00e9cnica Distrital de Santa Marta gestionada por Carlos Caicedo"},"content":{"rendered":"<p>Un total de 65 nuevos t\u00e9cnicos profesionales y tecn\u00f3logos se graduaron este viernes en el marco de la segunda cohorte de egresados de la Uni\u00f3n Polit\u00e9cnica Distrital de Santa Marta, programa de acceso gratuito con calidad a la Educaci\u00f3n Superior para estudiantes de estrato 1 y 2 sin condicionamiento de ning\u00fan tipo creada durante el 2015.<\/p>\n<p>El programa fue creado por el hoy precandidato a la presidencia de la Rep\u00fablica, y exacalde de Santa Marta, Carlos Caicedo, mediante convenio con instituciones t\u00e9cnicas y tecnol\u00f3gicas de calidad con el fin de garantizar educaci\u00f3n superior en el nivel t\u00e9cnico y tecnol\u00f3gico y una mejor empleabilidad para los colombianos desde el Caribe, en \u00e1reas de alta demanda laboral.<\/p>\n<p>Una vez m\u00e1s se reafirma el permanente compromiso de Carlos Caicedo hacia la juventud m\u00e1s pobre y su empe\u00f1o por garantizar la equidad social en el pa\u00eds.<\/p>\n<p>El precandidato asisti\u00f3 a la ceremonia en calidad de invitado especial y recibi\u00f3 el agradecimiento de los ahora egresados, al reconocerle la importancia de la pol\u00edtica de estado que a\u00f1os atr\u00e1s adopt\u00f3 para hacer posible la educaci\u00f3n superior de personas de escasos recursos o pertenecientes a minor\u00edas.<\/p>\n<p>Hasta el momento ya son 174 los ciudadanos graduados que han resultado beneficiados con el programa, luego que en la primera ceremonia se graduaran 109 personas de un total de 3.000 estudiantes matriculados.<\/p>\n<p>Hay que destacar que este programa se logr\u00f3 sacar adelante gracias a los recursos que se rescataron de la concesi\u00f3n espa\u00f1ola terminada por Caicedo, \u2018Recaudos y Tributos R&amp;T\u2019 perteneciente al grupo Inassa que se llevaban del cobro de los impuestos de Santa Marta.<\/p>\n<p>La Uni\u00f3n Polit\u00e9cnica Distrital fue creada por medio de convenios entre tres Universidades acreditadas con alta calidad: la Fundaci\u00f3n Tecnol\u00f3gica Antonio de Ar\u00e9valo \u2013Tecnar- de Cartagena, la Universidad Tecnol\u00f3gica de Bol\u00edvar \u2013UTB-, tambi\u00e9n de Cartagena; y la Instituci\u00f3n Universitaria Pascual Bravo de Medell\u00edn, contando con una inversi\u00f3n inicial de $3.245.000.000, destinados para la preparaci\u00f3n de 1154 aprendices.<\/p>\n<p>Sin embargo, la suma de lo ejecutado entre 2015 y 2016 y lo proyectado en 2017 pudo superar los $17.876.000.078 millones, con un total de 1215 estudiantes de carreras t\u00e9cnicas profesionales y 1695 estudiantes de carreras tecnol\u00f3gicas.<\/p>\n<p>La Uni\u00f3n Polit\u00e9cnica Distrital es la primera Fase de la Universidad Polit\u00e9cnica Distrital cuyos estudios y aprobaci\u00f3n de adelantaron en el gobierno del Exalcalde Caicedo y se tramita su reconocimiento por parte del Ministerio de Educaci\u00f3n Nacional impulsada por el alcalde Mart\u00ednez cuya infraestructura de levanta principalmente sobre el Eje Bolivariano en la avenida del libertador.<\/p>\n<p>La Uni\u00f3n Polit\u00e9cnica tiene programas tecnol\u00f3gicos en las \u00e1reas de mec\u00e1nica automotriz, sistemas mecatronicos , gesti\u00f3n naviera y portuaria, gesti\u00f3n log\u00edstica y portuaria, desarrollo de software y log\u00edstica de almacenaje e inventario, contabilidad sistematizada, gestion de la seguridad en el trabajo, gesti\u00f3n financiera, gesti\u00f3n contable y financiera, y programas t\u00e9cnico profesional en el ciclo proped\u00e9utico de algunas de las tecnolog\u00edas.<\/p>\n<p>El programa ha causado un importante impacto en el Magdalena y en la misma regi\u00f3n Caribe, toda vez que el acceso a la educaci\u00f3n superior en las \u00e1reas t\u00e9cnicas y tecnol\u00f3gicas es una de las principales propuestas de Carlos Caicedo, expresidente de ASCUN quien fue rector de la universidad del magdalena y la recupero y la trasform\u00f3 en una de la m\u00e1s eficientes y con mayor crecimiento en cobertura, infraestructura y sistema de investigaci\u00f3n en el pa\u00eds para superar la desigualdad y ampliar las oportunidades de las mayor\u00edas pobres<\/p>\n<p>La propuesto de universidad p\u00fablica gratuita para los bachilleres de los colegios p\u00fablicos ha sido socializada por el aspirante del movimiento Fuerza Ciudadana durante el recorrido de recolecci\u00f3n de firmas que viene liderando sobre las principales ciudades y municipios de la naci\u00f3n.<\/p>\n<p>Caicedo adem\u00e1s es un fuerte opositor al recorte presupuestal que el actual Gobierno Nacional pretende aplicarle a la educaci\u00f3n p\u00fablica, principalmente a la universitaria, lo cual limitar\u00eda las oportunidades de los colombianos m\u00e1s pobres.<\/p>\n<p>Ha insistido que el programa ser pilo que est\u00e1 fortaleciendo la oferta privada se oriente a financiar las universidades p\u00fablicas para ampliar sus capacidades de cobertura y permanec\u00eda.<\/p>\n","protected":false},"excerpt":{"rendered":"<p>Un total de 65 nuevos t\u00e9cnicos profesionales y tecn\u00f3logos se graduaron este viernes en el marco de la segunda cohorte de egresados de la Uni\u00f3n Polit\u00e9cnica Distrital de Santa Marta, programa de acceso gratuito con calidad a la Educaci\u00f3n Superior para estudiantes de estrato 1 y 2 sin condicionamiento de ning\u00fan tipo creada durante el 2015. El programa fue creado por el hoy precandidato a la presidencia de la Rep\u00fablica, y exacalde de Santa Marta, Carlos Caicedo, mediante convenio con instituciones t\u00e9cnicas y tecnol\u00f3gicas de calidad con el fin de&#8230; <\/p>\n","protected":false},"author":3,"featured_media":22769,"comment_status":"open","ping_status":"closed","sticky":false,"template":"","format":"standard","meta":{"footnotes":"","_links_to":"","_links_to_target":""},"categories":[2],"tags":[],"class_list":["post-22768","post","type-post","status-publish","format-standard","has-post-thumbnail","hentry","category-actualidad"],"_links":{"self":[{"href":"https:\/\/revistazetta.com\/index.php?rest_route=\/wp\/v2\/posts\/22768","targetHints":{"allow":["GET"]}}],"collection":[{"href":"https:\/\/revistazetta.com\/index.php?rest_route=\/wp\/v2\/posts"}],"about":[{"href":"https:\/\/revistazetta.com\/index.php?rest_route=\/wp\/v2\/types\/post"}],"author":[{"embeddable":true,"href":"https:\/\/revistazetta.com\/index.php?rest_route=\/wp\/v2\/users\/3"}],"replies":[{"embeddable":true,"href":"https:\/\/revistazetta.com\/index.php?rest_route=%2Fwp%2Fv2%2Fcomments&post=22768"}],"version-history":[{"count":0,"href":"https:\/\/revistazetta.com\/index.php?rest_route=\/wp\/v2\/posts\/22768\/revisions"}],"wp:featuredmedia":[{"embeddable":true,"href":"https:\/\/revistazetta.com\/index.php?rest_route=\/wp\/v2\/media\/22769"}],"wp:attachment":[{"href":"https:\/\/revistazetta.com\/index.php?rest_route=%2Fwp%2Fv2%2Fmedia&parent=22768"}],"wp:term":[{"taxonomy":"category","embeddable":true,"href":"https:\/\/revistazetta.com\/index.php?rest_route=%2Fwp%2Fv2%2Fcategories&post=22768"},{"taxonomy":"post_tag","embeddable":true,"href":"https:\/\/revistazetta.com\/index.php?rest_route=%2Fwp%2Fv2%2Ftags&post=22768"}],"curies":[{"name":"wp","href":"https:\/\/api.w.org\/{rel}","templated":true}]}}