{"id":22808,"date":"2017-10-12T07:38:10","date_gmt":"2017-10-12T12:38:10","guid":{"rendered":"http:\/\/www.revistazetta.com\/?p=22808"},"modified":"2017-10-12T07:38:10","modified_gmt":"2017-10-12T12:38:10","slug":"nuevo-cronograma-definir-alcalde-localidad-1","status":"publish","type":"post","link":"https:\/\/revistazetta.com\/?p=22808","title":{"rendered":"Nuevo cronograma para definir alcalde Localidad 1"},"content":{"rendered":"<p>El gobierno Distrital defini\u00f3 un nuevo cronograma para la elecci\u00f3n del Alcalde de la Localidad Hist\u00f3rica y del Caribe Norte, ante la imposibilidad de la Junta Administradora Local de conformar el qu\u00f3rum para la elecci\u00f3n de la terna.<\/p>\n<p>El dos de octubre pasado, los ediles de esta localidad debieron escoger a los tres integrantes que postular\u00e1n para Alcalde local, pero al retirarse del recinto tres de sus miembros a la hora de la votaci\u00f3n, no se cumpli\u00f3 con el n\u00famero de ediles exigidos por la ley para estos casos.<\/p>\n<p>\u201cDe conformidad con lo regulado en el Art\u00edculo 39 de la Ley 1617 de 2013, la Junta Administradora de la Localidad Hist\u00f3rica y del Caribe Norte se encuentra conformada por 9 ediles, ante la ausencia de tres, se contar\u00eda con el 66.7% de sus miembros. Por ello coincidimos en el an\u00e1lisis de la Corporaci\u00f3n de no integrar la terna con los ediles restantes\u201d, manifiesta un oficio que la Secretar\u00eda del Interior remiti\u00f3 al Alcalde para informar sobre el proceso.<\/p>\n<p>Esta situaci\u00f3n motiv\u00f3 la expedici\u00f3n de un nuevo decreto, el 1353 del 10 de octubre de 2017, en el que se convoca a la Junta Administradora de la Localidad Hist\u00f3rica y del Caribe Norte a iniciar nuevamente el proceso este viernes 13 de octubre.<\/p>\n<p>En esta fecha ser\u00e1 la audiencia p\u00fablica de los candidatos que aspiran al cargo, ante los ediles de la localidad para que seleccionen la terna. Ese mismo d\u00eda, antes de las 5:00 p.m.., debe ser radicado ante la Secretar\u00eda del Interior y Convivencia el acta que conste la informaci\u00f3n detallada de lo sucedido en la audiencia, con los nombres de los ternados y la votaci\u00f3n realizada, anexando listado de asistencia y las respectivas hojas de vida de los aspirantes, documentadas con sus estudios y experiencias.<\/p>\n<p>Advierte el decreto que para efectos de integrar la terna, se deber\u00e1 tener qu\u00f3rum con no menos del 80% de los miembros de las JAL y se emplear\u00e1 el sistema de cociente electoral.<\/p>\n<p>A m\u00e1s tardar el 18 de octubre, el secretario del Interior y Convivencia, Fernando Ni\u00f1o, debe presentar ante el Alcalde Mayor un informe detallado y evaluaci\u00f3n del proceso de selecci\u00f3n de la terna para escoger al alcalde local, y el 19 de octubre, los ternados tendr\u00e1n entrevista con el Alcalde.<\/p>\n<p>Despu\u00e9s de realizado este proceso, el Alcalde encargado tiene entre el 20 y el 25 de octubre para nombrar a la persona que asuma la titularidad de la Alcald\u00eda de la Localidad Hist\u00f3rica y del Caribe Norte, la cual qued\u00f3 en interinidad ante la renuncia de Javier Enrique Jaramillo.<\/p>\n<p>Mientras se escoge al Alcalde local de este territorio, ejerce estas funciones la directora de la Escuela de Gobierno, Yolanda Wong Baldiris.<\/p>\n","protected":false},"excerpt":{"rendered":"<p>El gobierno Distrital defini\u00f3 un nuevo cronograma para la elecci\u00f3n del Alcalde de la Localidad Hist\u00f3rica y del Caribe Norte, ante la imposibilidad de la Junta Administradora Local de conformar el qu\u00f3rum para la elecci\u00f3n de la terna. El dos de octubre pasado, los ediles de esta localidad debieron escoger a los tres integrantes que postular\u00e1n para Alcalde local, pero al retirarse del recinto tres de sus miembros a la hora de la votaci\u00f3n, no se cumpli\u00f3 con el n\u00famero de ediles exigidos por la ley para estos casos. \u201cDe&#8230; <\/p>\n","protected":false},"author":3,"featured_media":0,"comment_status":"open","ping_status":"closed","sticky":false,"template":"","format":"standard","meta":{"footnotes":"","_links_to":"","_links_to_target":""},"categories":[2],"tags":[],"class_list":["post-22808","post","type-post","status-publish","format-standard","hentry","category-actualidad"],"_links":{"self":[{"href":"https:\/\/revistazetta.com\/index.php?rest_route=\/wp\/v2\/posts\/22808","targetHints":{"allow":["GET"]}}],"collection":[{"href":"https:\/\/revistazetta.com\/index.php?rest_route=\/wp\/v2\/posts"}],"about":[{"href":"https:\/\/revistazetta.com\/index.php?rest_route=\/wp\/v2\/types\/post"}],"author":[{"embeddable":true,"href":"https:\/\/revistazetta.com\/index.php?rest_route=\/wp\/v2\/users\/3"}],"replies":[{"embeddable":true,"href":"https:\/\/revistazetta.com\/index.php?rest_route=%2Fwp%2Fv2%2Fcomments&post=22808"}],"version-history":[{"count":0,"href":"https:\/\/revistazetta.com\/index.php?rest_route=\/wp\/v2\/posts\/22808\/revisions"}],"wp:attachment":[{"href":"https:\/\/revistazetta.com\/index.php?rest_route=%2Fwp%2Fv2%2Fmedia&parent=22808"}],"wp:term":[{"taxonomy":"category","embeddable":true,"href":"https:\/\/revistazetta.com\/index.php?rest_route=%2Fwp%2Fv2%2Fcategories&post=22808"},{"taxonomy":"post_tag","embeddable":true,"href":"https:\/\/revistazetta.com\/index.php?rest_route=%2Fwp%2Fv2%2Ftags&post=22808"}],"curies":[{"name":"wp","href":"https:\/\/api.w.org\/{rel}","templated":true}]}}