{"id":22957,"date":"2017-10-24T07:16:12","date_gmt":"2017-10-24T12:16:12","guid":{"rendered":"http:\/\/www.revistazetta.com\/?p=22957"},"modified":"2017-10-24T07:16:12","modified_gmt":"2017-10-24T12:16:12","slug":"sindicato-musicos-cartagena-se-renovo-nueva-junta-directiva","status":"publish","type":"post","link":"https:\/\/revistazetta.com\/?p=22957","title":{"rendered":"Sindicato de M\u00fasicos de Cartagena se renov\u00f3 y tiene nueva Junta Directiva"},"content":{"rendered":"<div id=\"attachment_22959\" style=\"width: 310px\" class=\"wp-caption alignnone\"><img loading=\"lazy\" decoding=\"async\" aria-describedby=\"caption-attachment-22959\" class=\"wp-image-22959 size-medium\" src=\"https:\/\/www.revistazetta.com\/wp-content\/uploads\/2017\/10\/2017-10-23-PHOTO-00000051-300x188.jpg\" alt=\"\" width=\"300\" height=\"188\" srcset=\"https:\/\/revistazetta.com\/wp-content\/uploads\/2017\/10\/2017-10-23-PHOTO-00000051-300x188.jpg 300w, https:\/\/revistazetta.com\/wp-content\/uploads\/2017\/10\/2017-10-23-PHOTO-00000051.jpg 1024w, https:\/\/revistazetta.com\/wp-content\/uploads\/2017\/10\/2017-10-23-PHOTO-00000051-234x146.jpg 234w, https:\/\/revistazetta.com\/wp-content\/uploads\/2017\/10\/2017-10-23-PHOTO-00000051-50x31.jpg 50w, https:\/\/revistazetta.com\/wp-content\/uploads\/2017\/10\/2017-10-23-PHOTO-00000051-120x75.jpg 120w\" sizes=\"auto, (max-width: 300px) 100vw, 300px\" \/><p id=\"caption-attachment-22959\" class=\"wp-caption-text\">Nueva Junta Directiva del Sindicato de M\u00fasicos de Cartagena de Indias.<\/p><\/div>\n<p>En Asamblea General reunida en la iglesia de la Sant\u00edsima Trinidad de Getseman\u00ed fue elegida nueva Junta Directiva del Sindicato de M\u00fasicos de Cartagena, as\u00ed:<\/p>\n<p>Presidente: Ramiro Torres.<br \/>\nVicepresidente: Arnulfo Peralta.<br \/>\nSecretario: Orlando Rodr\u00edguez.<br \/>\nTesorero: Rub\u00e9n Salas.<br \/>\nFiscal: Fidel Ortiz.<br \/>\nSecretario Jur\u00eddico: Ezequiel Buelvas.<br \/>\nSecretario Pol\u00edtico: Nelson Espinosa.<br \/>\nSecretaria de Comunicaciones: Viviana Orozco.<br \/>\nSecretario de Cultura: Humberto Barrios.<br \/>\nSecretario de Educaci\u00f3n: Carlos Fuentes.<\/p>\n<div id=\"attachment_22960\" style=\"width: 310px\" class=\"wp-caption alignright\"><img loading=\"lazy\" decoding=\"async\" aria-describedby=\"caption-attachment-22960\" class=\"wp-image-22960 size-medium\" src=\"https:\/\/www.revistazetta.com\/wp-content\/uploads\/2017\/10\/2017-10-23-PHOTO-00000052-300x240.jpg\" alt=\"\" width=\"300\" height=\"240\" srcset=\"https:\/\/revistazetta.com\/wp-content\/uploads\/2017\/10\/2017-10-23-PHOTO-00000052-300x240.jpg 300w, https:\/\/revistazetta.com\/wp-content\/uploads\/2017\/10\/2017-10-23-PHOTO-00000052-183x146.jpg 183w, https:\/\/revistazetta.com\/wp-content\/uploads\/2017\/10\/2017-10-23-PHOTO-00000052-50x40.jpg 50w, https:\/\/revistazetta.com\/wp-content\/uploads\/2017\/10\/2017-10-23-PHOTO-00000052-94x75.jpg 94w, https:\/\/revistazetta.com\/wp-content\/uploads\/2017\/10\/2017-10-23-PHOTO-00000052.jpg 800w\" sizes=\"auto, (max-width: 300px) 100vw, 300px\" \/><p id=\"caption-attachment-22960\" class=\"wp-caption-text\">Ramiro Torres, presidente.<\/p><\/div>\n<div id=\"attachment_22961\" style=\"width: 310px\" class=\"wp-caption alignright\"><img loading=\"lazy\" decoding=\"async\" aria-describedby=\"caption-attachment-22961\" class=\"wp-image-22961 size-medium\" src=\"https:\/\/www.revistazetta.com\/wp-content\/uploads\/2017\/10\/2017-10-23-PHOTO-00000053-300x240.jpg\" alt=\"\" width=\"300\" height=\"240\" srcset=\"https:\/\/revistazetta.com\/wp-content\/uploads\/2017\/10\/2017-10-23-PHOTO-00000053-300x240.jpg 300w, https:\/\/revistazetta.com\/wp-content\/uploads\/2017\/10\/2017-10-23-PHOTO-00000053-183x146.jpg 183w, https:\/\/revistazetta.com\/wp-content\/uploads\/2017\/10\/2017-10-23-PHOTO-00000053-50x40.jpg 50w, https:\/\/revistazetta.com\/wp-content\/uploads\/2017\/10\/2017-10-23-PHOTO-00000053-94x75.jpg 94w, https:\/\/revistazetta.com\/wp-content\/uploads\/2017\/10\/2017-10-23-PHOTO-00000053.jpg 800w\" sizes=\"auto, (max-width: 300px) 100vw, 300px\" \/><p id=\"caption-attachment-22961\" class=\"wp-caption-text\">Arnulfo Peralta, vicepresidente.<\/p><\/div>\n<div id=\"attachment_22962\" style=\"width: 310px\" class=\"wp-caption alignright\"><img loading=\"lazy\" decoding=\"async\" aria-describedby=\"caption-attachment-22962\" class=\"wp-image-22962 size-medium\" src=\"https:\/\/www.revistazetta.com\/wp-content\/uploads\/2017\/10\/2017-10-23-PHOTO-00000054-300x240.jpg\" alt=\"\" width=\"300\" height=\"240\" srcset=\"https:\/\/revistazetta.com\/wp-content\/uploads\/2017\/10\/2017-10-23-PHOTO-00000054-300x240.jpg 300w, https:\/\/revistazetta.com\/wp-content\/uploads\/2017\/10\/2017-10-23-PHOTO-00000054-183x146.jpg 183w, https:\/\/revistazetta.com\/wp-content\/uploads\/2017\/10\/2017-10-23-PHOTO-00000054-50x40.jpg 50w, https:\/\/revistazetta.com\/wp-content\/uploads\/2017\/10\/2017-10-23-PHOTO-00000054-94x75.jpg 94w, https:\/\/revistazetta.com\/wp-content\/uploads\/2017\/10\/2017-10-23-PHOTO-00000054.jpg 800w\" sizes=\"auto, (max-width: 300px) 100vw, 300px\" \/><p id=\"caption-attachment-22962\" class=\"wp-caption-text\">Secretario: Orlando Rodr\u00edguez.<\/p><\/div>\n<div id=\"attachment_22963\" style=\"width: 310px\" class=\"wp-caption alignright\"><img loading=\"lazy\" decoding=\"async\" aria-describedby=\"caption-attachment-22963\" class=\"wp-image-22963 size-medium\" src=\"https:\/\/www.revistazetta.com\/wp-content\/uploads\/2017\/10\/2017-10-23-PHOTO-00000055-300x240.jpg\" alt=\"\" width=\"300\" height=\"240\" srcset=\"https:\/\/revistazetta.com\/wp-content\/uploads\/2017\/10\/2017-10-23-PHOTO-00000055-300x240.jpg 300w, https:\/\/revistazetta.com\/wp-content\/uploads\/2017\/10\/2017-10-23-PHOTO-00000055-183x146.jpg 183w, https:\/\/revistazetta.com\/wp-content\/uploads\/2017\/10\/2017-10-23-PHOTO-00000055-50x40.jpg 50w, https:\/\/revistazetta.com\/wp-content\/uploads\/2017\/10\/2017-10-23-PHOTO-00000055-94x75.jpg 94w, https:\/\/revistazetta.com\/wp-content\/uploads\/2017\/10\/2017-10-23-PHOTO-00000055.jpg 800w\" sizes=\"auto, (max-width: 300px) 100vw, 300px\" \/><p id=\"caption-attachment-22963\" class=\"wp-caption-text\">Tesorero: Rub\u00e9n Salas.<\/p><\/div>\n<div id=\"attachment_22964\" style=\"width: 310px\" class=\"wp-caption alignright\"><img loading=\"lazy\" decoding=\"async\" aria-describedby=\"caption-attachment-22964\" class=\"wp-image-22964 size-medium\" src=\"https:\/\/www.revistazetta.com\/wp-content\/uploads\/2017\/10\/2017-10-23-PHOTO-00000056-300x240.jpg\" alt=\"\" width=\"300\" height=\"240\" srcset=\"https:\/\/revistazetta.com\/wp-content\/uploads\/2017\/10\/2017-10-23-PHOTO-00000056-300x240.jpg 300w, https:\/\/revistazetta.com\/wp-content\/uploads\/2017\/10\/2017-10-23-PHOTO-00000056-183x146.jpg 183w, https:\/\/revistazetta.com\/wp-content\/uploads\/2017\/10\/2017-10-23-PHOTO-00000056-50x40.jpg 50w, https:\/\/revistazetta.com\/wp-content\/uploads\/2017\/10\/2017-10-23-PHOTO-00000056-94x75.jpg 94w, https:\/\/revistazetta.com\/wp-content\/uploads\/2017\/10\/2017-10-23-PHOTO-00000056.jpg 800w\" sizes=\"auto, (max-width: 300px) 100vw, 300px\" \/><p id=\"caption-attachment-22964\" class=\"wp-caption-text\">Fiscal: Fidel Ortiz.<\/p><\/div>\n<div id=\"attachment_22965\" style=\"width: 310px\" class=\"wp-caption alignright\"><img loading=\"lazy\" decoding=\"async\" aria-describedby=\"caption-attachment-22965\" class=\"wp-image-22965 size-medium\" src=\"https:\/\/www.revistazetta.com\/wp-content\/uploads\/2017\/10\/2017-10-23-PHOTO-00000057-300x240.jpg\" alt=\"\" width=\"300\" height=\"240\" srcset=\"https:\/\/revistazetta.com\/wp-content\/uploads\/2017\/10\/2017-10-23-PHOTO-00000057-300x240.jpg 300w, https:\/\/revistazetta.com\/wp-content\/uploads\/2017\/10\/2017-10-23-PHOTO-00000057-183x146.jpg 183w, https:\/\/revistazetta.com\/wp-content\/uploads\/2017\/10\/2017-10-23-PHOTO-00000057-50x40.jpg 50w, https:\/\/revistazetta.com\/wp-content\/uploads\/2017\/10\/2017-10-23-PHOTO-00000057-94x75.jpg 94w, https:\/\/revistazetta.com\/wp-content\/uploads\/2017\/10\/2017-10-23-PHOTO-00000057.jpg 800w\" sizes=\"auto, (max-width: 300px) 100vw, 300px\" \/><p id=\"caption-attachment-22965\" class=\"wp-caption-text\">Secretario Jur\u00eddico: Ezequiel Buelvas.<\/p><\/div>\n<div id=\"attachment_22966\" style=\"width: 310px\" class=\"wp-caption alignright\"><img loading=\"lazy\" decoding=\"async\" aria-describedby=\"caption-attachment-22966\" class=\"wp-image-22966 size-medium\" src=\"https:\/\/www.revistazetta.com\/wp-content\/uploads\/2017\/10\/2017-10-23-PHOTO-00000058-300x240.jpg\" alt=\"\" width=\"300\" height=\"240\" srcset=\"https:\/\/revistazetta.com\/wp-content\/uploads\/2017\/10\/2017-10-23-PHOTO-00000058-300x240.jpg 300w, https:\/\/revistazetta.com\/wp-content\/uploads\/2017\/10\/2017-10-23-PHOTO-00000058-183x146.jpg 183w, https:\/\/revistazetta.com\/wp-content\/uploads\/2017\/10\/2017-10-23-PHOTO-00000058-50x40.jpg 50w, https:\/\/revistazetta.com\/wp-content\/uploads\/2017\/10\/2017-10-23-PHOTO-00000058-94x75.jpg 94w, https:\/\/revistazetta.com\/wp-content\/uploads\/2017\/10\/2017-10-23-PHOTO-00000058.jpg 800w\" sizes=\"auto, (max-width: 300px) 100vw, 300px\" \/><p id=\"caption-attachment-22966\" class=\"wp-caption-text\">Secretario Pol\u00edtico: Nelson Espinosa.<\/p><\/div>\n<div id=\"attachment_22967\" style=\"width: 310px\" class=\"wp-caption alignright\"><img loading=\"lazy\" decoding=\"async\" aria-describedby=\"caption-attachment-22967\" class=\"wp-image-22967 size-medium\" src=\"https:\/\/www.revistazetta.com\/wp-content\/uploads\/2017\/10\/2017-10-23-PHOTO-00000059-300x240.jpg\" alt=\"\" width=\"300\" height=\"240\" srcset=\"https:\/\/revistazetta.com\/wp-content\/uploads\/2017\/10\/2017-10-23-PHOTO-00000059-300x240.jpg 300w, https:\/\/revistazetta.com\/wp-content\/uploads\/2017\/10\/2017-10-23-PHOTO-00000059-183x146.jpg 183w, https:\/\/revistazetta.com\/wp-content\/uploads\/2017\/10\/2017-10-23-PHOTO-00000059-50x40.jpg 50w, https:\/\/revistazetta.com\/wp-content\/uploads\/2017\/10\/2017-10-23-PHOTO-00000059-94x75.jpg 94w, https:\/\/revistazetta.com\/wp-content\/uploads\/2017\/10\/2017-10-23-PHOTO-00000059.jpg 800w\" sizes=\"auto, (max-width: 300px) 100vw, 300px\" \/><p id=\"caption-attachment-22967\" class=\"wp-caption-text\">Secretaria de Comunicaciones: Viviana Orozco.<\/p><\/div>\n<div id=\"attachment_22968\" style=\"width: 310px\" class=\"wp-caption alignright\"><img loading=\"lazy\" decoding=\"async\" aria-describedby=\"caption-attachment-22968\" class=\"wp-image-22968 size-medium\" src=\"https:\/\/www.revistazetta.com\/wp-content\/uploads\/2017\/10\/2017-10-23-PHOTO-00000060-300x240.jpg\" alt=\"\" width=\"300\" height=\"240\" srcset=\"https:\/\/revistazetta.com\/wp-content\/uploads\/2017\/10\/2017-10-23-PHOTO-00000060-300x240.jpg 300w, https:\/\/revistazetta.com\/wp-content\/uploads\/2017\/10\/2017-10-23-PHOTO-00000060-183x146.jpg 183w, https:\/\/revistazetta.com\/wp-content\/uploads\/2017\/10\/2017-10-23-PHOTO-00000060-50x40.jpg 50w, https:\/\/revistazetta.com\/wp-content\/uploads\/2017\/10\/2017-10-23-PHOTO-00000060-94x75.jpg 94w, https:\/\/revistazetta.com\/wp-content\/uploads\/2017\/10\/2017-10-23-PHOTO-00000060.jpg 800w\" sizes=\"auto, (max-width: 300px) 100vw, 300px\" \/><p id=\"caption-attachment-22968\" class=\"wp-caption-text\">Secretario de Cultura: Humberto Barrios.<\/p><\/div>\n<div id=\"attachment_22970\" style=\"width: 310px\" class=\"wp-caption alignright\"><img loading=\"lazy\" decoding=\"async\" aria-describedby=\"caption-attachment-22970\" class=\"wp-image-22970 size-medium\" src=\"https:\/\/www.revistazetta.com\/wp-content\/uploads\/2017\/10\/IMG_8572-300x240.jpg\" alt=\"\" width=\"300\" height=\"240\" srcset=\"https:\/\/revistazetta.com\/wp-content\/uploads\/2017\/10\/IMG_8572-300x240.jpg 300w, https:\/\/revistazetta.com\/wp-content\/uploads\/2017\/10\/IMG_8572-183x146.jpg 183w, https:\/\/revistazetta.com\/wp-content\/uploads\/2017\/10\/IMG_8572-50x40.jpg 50w, https:\/\/revistazetta.com\/wp-content\/uploads\/2017\/10\/IMG_8572-94x75.jpg 94w, https:\/\/revistazetta.com\/wp-content\/uploads\/2017\/10\/IMG_8572.jpg 800w\" sizes=\"auto, (max-width: 300px) 100vw, 300px\" \/><p id=\"caption-attachment-22970\" class=\"wp-caption-text\">Secretario de Educaci\u00f3n: Carlos Fuentes.<\/p><\/div>\n","protected":false},"excerpt":{"rendered":"<p>En Asamblea General reunida en la iglesia de la Sant\u00edsima Trinidad de Getseman\u00ed fue elegida nueva Junta Directiva del Sindicato de M\u00fasicos de Cartagena, as\u00ed: Presidente: Ramiro Torres. Vicepresidente: Arnulfo Peralta. Secretario: Orlando Rodr\u00edguez. Tesorero: Rub\u00e9n Salas. Fiscal: Fidel Ortiz. Secretario Jur\u00eddico: Ezequiel Buelvas. Secretario Pol\u00edtico: Nelson Espinosa. Secretaria de Comunicaciones: Viviana Orozco. Secretario de Cultura: Humberto Barrios. Secretario de Educaci\u00f3n: Carlos Fuentes.<\/p>\n","protected":false},"author":3,"featured_media":22958,"comment_status":"open","ping_status":"closed","sticky":false,"template":"","format":"standard","meta":{"footnotes":"","_links_to":"","_links_to_target":""},"categories":[41,75,43],"tags":[],"class_list":["post-22957","post","type-post","status-publish","format-standard","has-post-thumbnail","hentry","category-cultura","category-destacada","category-cultura-musica"],"_links":{"self":[{"href":"https:\/\/revistazetta.com\/index.php?rest_route=\/wp\/v2\/posts\/22957","targetHints":{"allow":["GET"]}}],"collection":[{"href":"https:\/\/revistazetta.com\/index.php?rest_route=\/wp\/v2\/posts"}],"about":[{"href":"https:\/\/revistazetta.com\/index.php?rest_route=\/wp\/v2\/types\/post"}],"author":[{"embeddable":true,"href":"https:\/\/revistazetta.com\/index.php?rest_route=\/wp\/v2\/users\/3"}],"replies":[{"embeddable":true,"href":"https:\/\/revistazetta.com\/index.php?rest_route=%2Fwp%2Fv2%2Fcomments&post=22957"}],"version-history":[{"count":0,"href":"https:\/\/revistazetta.com\/index.php?rest_route=\/wp\/v2\/posts\/22957\/revisions"}],"wp:featuredmedia":[{"embeddable":true,"href":"https:\/\/revistazetta.com\/index.php?rest_route=\/wp\/v2\/media\/22958"}],"wp:attachment":[{"href":"https:\/\/revistazetta.com\/index.php?rest_route=%2Fwp%2Fv2%2Fmedia&parent=22957"}],"wp:term":[{"taxonomy":"category","embeddable":true,"href":"https:\/\/revistazetta.com\/index.php?rest_route=%2Fwp%2Fv2%2Fcategories&post=22957"},{"taxonomy":"post_tag","embeddable":true,"href":"https:\/\/revistazetta.com\/index.php?rest_route=%2Fwp%2Fv2%2Ftags&post=22957"}],"curies":[{"name":"wp","href":"https:\/\/api.w.org\/{rel}","templated":true}]}}