{"id":22972,"date":"2017-10-24T10:15:36","date_gmt":"2017-10-24T15:15:36","guid":{"rendered":"http:\/\/www.revistazetta.com\/?p=22972"},"modified":"2017-10-24T10:15:36","modified_gmt":"2017-10-24T15:15:36","slug":"13-interesados-cargo-secretario-asamblea-departamental","status":"publish","type":"post","link":"https:\/\/revistazetta.com\/?p=22972","title":{"rendered":"Hay 13 interesados en cargo de Secretario de Asamblea Departamental"},"content":{"rendered":"<p>El proceso para proveer el cargo de Secretario General de la Asamblea Departamental entr\u00f3 en su recta final con 13 personas en la lista definitiva de admitidos.<\/p>\n<p>En los aspirantes est\u00e1 la actual Secretaria, Johana Barrientos, que ya cumple dos periodos consecutivos y aspira al tercero. Tambi\u00e9n est\u00e1 N\u00e9stor P\u00e9rez Pacheco, que fue Secretario General antes de Barrientos. Tambi\u00e9n est\u00e1 un exaspirante a Diputado, por el Centro Democr\u00e1tico, y popular cantante vallenato, Jacobo Fonseca.<\/p>\n<p>Los otros aspirantes son: Emanuel Vergara, Laurien Rodr\u00edguez, Juan Guevara, Humberto Guzm\u00e1n, Elaine Altamar, Nancy Lastra, Dulfry Mart\u00ednez, Albeiro Aguilar, Luis Negrete y Miosotis Macea.<\/p>\n<p>&nbsp;<\/p>\n","protected":false},"excerpt":{"rendered":"<p>El proceso para proveer el cargo de Secretario General de la Asamblea Departamental entr\u00f3 en su recta final con 13 personas en la lista definitiva de admitidos. En los aspirantes est\u00e1 la actual Secretaria, Johana Barrientos, que ya cumple dos periodos consecutivos y aspira al tercero. Tambi\u00e9n est\u00e1 N\u00e9stor P\u00e9rez Pacheco, que fue Secretario General antes de Barrientos. Tambi\u00e9n est\u00e1 un exaspirante a Diputado, por el Centro Democr\u00e1tico, y popular cantante vallenato, Jacobo Fonseca. Los otros aspirantes son: Emanuel Vergara, Laurien Rodr\u00edguez, Juan Guevara, Humberto Guzm\u00e1n, Elaine Altamar, Nancy Lastra,&#8230; <\/p>\n","protected":false},"author":3,"featured_media":0,"comment_status":"open","ping_status":"closed","sticky":false,"template":"","format":"standard","meta":{"footnotes":"","_links_to":"","_links_to_target":""},"categories":[4,28],"tags":[],"class_list":["post-22972","post","type-post","status-publish","format-standard","hentry","category-politica","category-politica-asamblea"],"_links":{"self":[{"href":"https:\/\/revistazetta.com\/index.php?rest_route=\/wp\/v2\/posts\/22972","targetHints":{"allow":["GET"]}}],"collection":[{"href":"https:\/\/revistazetta.com\/index.php?rest_route=\/wp\/v2\/posts"}],"about":[{"href":"https:\/\/revistazetta.com\/index.php?rest_route=\/wp\/v2\/types\/post"}],"author":[{"embeddable":true,"href":"https:\/\/revistazetta.com\/index.php?rest_route=\/wp\/v2\/users\/3"}],"replies":[{"embeddable":true,"href":"https:\/\/revistazetta.com\/index.php?rest_route=%2Fwp%2Fv2%2Fcomments&post=22972"}],"version-history":[{"count":0,"href":"https:\/\/revistazetta.com\/index.php?rest_route=\/wp\/v2\/posts\/22972\/revisions"}],"wp:attachment":[{"href":"https:\/\/revistazetta.com\/index.php?rest_route=%2Fwp%2Fv2%2Fmedia&parent=22972"}],"wp:term":[{"taxonomy":"category","embeddable":true,"href":"https:\/\/revistazetta.com\/index.php?rest_route=%2Fwp%2Fv2%2Fcategories&post=22972"},{"taxonomy":"post_tag","embeddable":true,"href":"https:\/\/revistazetta.com\/index.php?rest_route=%2Fwp%2Fv2%2Ftags&post=22972"}],"curies":[{"name":"wp","href":"https:\/\/api.w.org\/{rel}","templated":true}]}}