{"id":23002,"date":"2017-10-26T06:24:15","date_gmt":"2017-10-26T11:24:15","guid":{"rendered":"http:\/\/www.revistazetta.com\/?p=23002"},"modified":"2017-10-26T06:24:15","modified_gmt":"2017-10-26T11:24:15","slug":"semifinal-del-v-curso-concurso-oratoria-liderazgo-infantil","status":"publish","type":"post","link":"https:\/\/revistazetta.com\/?p=23002","title":{"rendered":"Semifinal del \u201cV Curso Concurso de Oratoria y Liderazgo Infantil\u201d"},"content":{"rendered":"<p>Este 26 de octubre a partir de las 9 de la ma\u00f1ana en el sal\u00f3n de eventos de la Instituci\u00f3n Educativa Antonia Santos, se llevar\u00e1 a cabo, la semifinal del \u201cV Curso Concurso de Oratoria y Liderazgo Infantil\u201d, que realiza la Alcald\u00eda de Cartagena a trav\u00e9s de la Escuela de Gobierno y Liderazgo.<\/p>\n<p>La participaci\u00f3n estar\u00e1 enmarcada, en esta etapa del evento, dentro de la tem\u00e1tica de la Importancia de la familia en el rescate de los valores.<\/p>\n<p>El encuentro se ha convertido durante estos \u00faltimos a\u00f1os en uno de los acontecimientos que combina la memoria literaria y el talento de los estudiantes en el manejo esc\u00e9nico de la palabra.<\/p>\n<p>En la categor\u00eda juvenil sobresalen las instituciones San Jos\u00e9 Ca\u00f1o del Oro, Olga Gonz\u00e1lez Arraut, Escuela Profesionales l Salesianas, 14 de Febrero, Fe y Alegr\u00eda el Progreso, Soledad Acosta de Samper, Nuestra Se\u00f1ora de la Consolata y Rosedal<\/p>\n<p>Mientras que en la categor\u00eda junior los colegios que se disputan la semifinal son Olga Gonz\u00e1lez Arraut, Escuelas Profesionales Salesianas, San Jos\u00e9 Ca\u00f1o del Oro, Alberto El\u00edas Fern\u00e1ndez Baena, Fe y Alegr\u00eda las Am\u00e9ricas, Mar\u00eda Reina, Gustavo Pulencio G\u00f3mez, Nuestra Se\u00f1ora de la Consolata, Soledad Acosta de Samper, Fe y Alegr\u00eda el Progreso, Ana Mar\u00eda P\u00e9rez Otero y Berta Gede\u00f3n de Balad\u00ed.<\/p>\n<p>Los estudiantes ser\u00e1n evaluados bajo el reglamento del concurso por un grupo de expertos en el arte de la oratoria.<\/p>\n<p>Esta iniciativa se encuentra rese\u00f1ada dentro del programa \u201cLa Democracia Va\u201d, de la l\u00ednea estrat\u00e9gica de Cultura Ciudadana y Paz del Plan de Desarrollo 2016-2019 \u2018Primero la Gente\u2019.<\/p>\n<p>Mediante el mismo se busca organizar a los ciudadanos para adoptar una conducta participativa y ordenada pol\u00edtica, y socialmente, fomentando el respeto a la dignidad humana a la libertad y a los derechos humanos.<\/p>\n<p>La final del concurso se llevar\u00e1 a cabo el 23 de noviembre de la presente anualidad.<\/p>\n","protected":false},"excerpt":{"rendered":"<p>Este 26 de octubre a partir de las 9 de la ma\u00f1ana en el sal\u00f3n de eventos de la Instituci\u00f3n Educativa Antonia Santos, se llevar\u00e1 a cabo, la semifinal del \u201cV Curso Concurso de Oratoria y Liderazgo Infantil\u201d, que realiza la Alcald\u00eda de Cartagena a trav\u00e9s de la Escuela de Gobierno y Liderazgo. La participaci\u00f3n estar\u00e1 enmarcada, en esta etapa del evento, dentro de la tem\u00e1tica de la Importancia de la familia en el rescate de los valores. El encuentro se ha convertido durante estos \u00faltimos a\u00f1os en uno de&#8230; <\/p>\n","protected":false},"author":3,"featured_media":23004,"comment_status":"open","ping_status":"closed","sticky":false,"template":"","format":"standard","meta":{"footnotes":"","_links_to":"","_links_to_target":""},"categories":[32,86],"tags":[],"class_list":["post-23002","post","type-post","status-publish","format-standard","has-post-thumbnail","hentry","category-actualidad-distrito","category-comunidad"],"_links":{"self":[{"href":"https:\/\/revistazetta.com\/index.php?rest_route=\/wp\/v2\/posts\/23002","targetHints":{"allow":["GET"]}}],"collection":[{"href":"https:\/\/revistazetta.com\/index.php?rest_route=\/wp\/v2\/posts"}],"about":[{"href":"https:\/\/revistazetta.com\/index.php?rest_route=\/wp\/v2\/types\/post"}],"author":[{"embeddable":true,"href":"https:\/\/revistazetta.com\/index.php?rest_route=\/wp\/v2\/users\/3"}],"replies":[{"embeddable":true,"href":"https:\/\/revistazetta.com\/index.php?rest_route=%2Fwp%2Fv2%2Fcomments&post=23002"}],"version-history":[{"count":0,"href":"https:\/\/revistazetta.com\/index.php?rest_route=\/wp\/v2\/posts\/23002\/revisions"}],"wp:featuredmedia":[{"embeddable":true,"href":"https:\/\/revistazetta.com\/index.php?rest_route=\/wp\/v2\/media\/23004"}],"wp:attachment":[{"href":"https:\/\/revistazetta.com\/index.php?rest_route=%2Fwp%2Fv2%2Fmedia&parent=23002"}],"wp:term":[{"taxonomy":"category","embeddable":true,"href":"https:\/\/revistazetta.com\/index.php?rest_route=%2Fwp%2Fv2%2Fcategories&post=23002"},{"taxonomy":"post_tag","embeddable":true,"href":"https:\/\/revistazetta.com\/index.php?rest_route=%2Fwp%2Fv2%2Ftags&post=23002"}],"curies":[{"name":"wp","href":"https:\/\/api.w.org\/{rel}","templated":true}]}}