{"id":23005,"date":"2017-10-26T06:32:51","date_gmt":"2017-10-26T11:32:51","guid":{"rendered":"http:\/\/www.revistazetta.com\/?p=23005"},"modified":"2017-10-26T06:32:51","modified_gmt":"2017-10-26T11:32:51","slug":"24-pisos-despues-procuraduria-despierta-pide-suspender-aquarella","status":"publish","type":"post","link":"https:\/\/revistazetta.com\/?p=23005","title":{"rendered":"24 pisos despu\u00e9s, Procuradur\u00eda despierta y pide suspender Aquarella"},"content":{"rendered":"<p>Despu\u00e9s de tener 24 pisos levantados y una gran pol\u00e9mica encima, apenas ahora la Procuradur\u00eda General de la Naci\u00f3n atisba que hay irregularidades y pide al\u00a0Juez D\u00e9cimo Administrativo Oral del Circuito de Cartagena suspender de manera inmediata la construcci\u00f3n del proyecto de vivienda multifamiliar \u2018Aquarela\u2019, ubicado en el barrio Torices de la capital de Bol\u00edvar, con el fin de proteger los derechos e intereses superiores de la Naci\u00f3n.<\/p>\n<p style=\"font-weight: 300;\">Ennun comunicado, la PGN indic\u00f3 que <span style=\"color: #0000ff;\"><em>\u00abComo medida cautelar solicit\u00f3 la suspensi\u00f3n de las resoluciones que otorgaron las licencias de construcci\u00f3n y modificaron el POT, as\u00ed como la cesaci\u00f3n inmediata de las obras que adelanta el constructor. De no adoptarse, se podr\u00eda generar un grave perjuicio a las familias que adquieran de buena fe los apartamentos.<\/em><\/span><\/p>\n<p style=\"font-weight: 300;\"><span style=\"color: #0000ff;\"><em>El Ministerio P\u00fablico indic\u00f3 que con la licencia que otorg\u00f3 la Curadur\u00eda Urbana No 1 se vulneraron gravemente los derechos e intereses colectivos a\u00a0 la moralidad p\u00fablica, el goce del espacio p\u00fablico y la utilizaci\u00f3n y defensa de los bienes de uso p\u00fablico, la defensa del patrimonio p\u00fablico, del patrimonio cultural e hist\u00f3rico de la Naci\u00f3n, y la realizaci\u00f3n de construcciones, edificaciones y desarrollos urbanos respetando las disposiciones jur\u00eddicas de manera ordenada y con prevalencia del beneficio de la calidad de vida de los habitantes.<\/em><\/span><\/p>\n<p style=\"font-weight: 300;\"><span style=\"color: #0000ff;\"><em>La solicitud de la Procuradur\u00eda fue presentada en apoyo a la petici\u00f3n hecha por el Ministerio de Cultura, que act\u00faa como parte demandante ante el D\u00e9cimo Administrativo Oral del Circuito de Cartagena.<\/em><\/span><\/p>\n<p style=\"font-weight: 300;\"><span style=\"color: #0000ff;\"><em>La Entidad llam\u00f3 la atenci\u00f3n sobre la afectaci\u00f3n por contaminaci\u00f3n visual que generar\u00e1n las cuatro torres de 31 y 32 pisos, con casi 94 metros de altura y 772 apartamentos.<\/em><\/span><\/p>\n<p style=\"font-weight: 300;\"><span style=\"color: #0000ff;\"><em>Las m\u00e1s de 3.000 personas que ocupar\u00edan las viviendas representan una carga poblacional adicional que podr\u00eda impactar negativamente la calidad de vida de los habitantes del sector.\u00a0\u00a0<\/em><\/span><\/p>\n<p style=\"font-weight: 300;\"><span style=\"color: #0000ff;\"><em>A juicio del Ministerio P\u00fablico la construcci\u00f3n del complejo habitacional representa una grave amenaza para la conservaci\u00f3n y protecci\u00f3n del Centro Hist\u00f3rico de Cartagena y su zona de influencia, pues las cuatro torres impiden dr\u00e1sticamente la visibilidad desde el centro hist\u00f3rico hacia el Castillo de San Felipe de Barajas, y viceversa, con lo cual se afectan notablemente las caracter\u00edsticas arquitect\u00f3nicas y urbanas de la ciudad antigua en su conjunto.<\/em><\/span><\/p>\n<p style=\"font-weight: 300;\"><span style=\"color: #0000ff;\"><em>Para el Ministerio P\u00fablico preocupa y alarma la falta de medidas oportunas y urgentes encaminadas a prevenir la inminente afectaci\u00f3n del paisaje urbano en el Paseo Bol\u00edvar, la alteraci\u00f3n del estado emocional de los ciudadanos, y la p\u00e9rdida del valor esc\u00e9nico o paisaj\u00edstico que puede repercutir negativamente en el potencial tur\u00edstico y econ\u00f3mico del centro hist\u00f3rico de Cartagena, especialmente en el \u00e1rea de influencia del Castillo San Felipe de Barajas.<\/em><\/span><\/p>\n<p style=\"font-weight: 300;\"><span style=\"color: #0000ff;\"><em>En su intervenci\u00f3n, la Procuradur\u00eda dej\u00f3 ver que la Secretar\u00eda de Planeaci\u00f3n Distrital de Cartagena al expedir la circular que creaba, modificaba y complementaba las normas del POT de la ciudad, no respet\u00f3 las disposiciones sobre protecci\u00f3n del patrimonio cultural, las cuales prevalecen frente las normas de ordenamiento del territorio.<\/em><\/span><\/p>\n<p style=\"font-weight: 300;\"><span style=\"color: #0000ff;\"><em>Adicionalmente, se atribuy\u00f3 la facultad de modificar o adicionar el POT, con lo que otorg\u00f3 la posibilidad de construir viviendas de inter\u00e9s social sin limitaciones en su altura, trasgrediendo las disposiciones existentes para la construcci\u00f3n de vivienda multifamiliar en el barrio Torices\u00bb.<\/em><\/span><\/p>\n","protected":false},"excerpt":{"rendered":"<p>Despu\u00e9s de tener 24 pisos levantados y una gran pol\u00e9mica encima, apenas ahora la Procuradur\u00eda General de la Naci\u00f3n atisba que hay irregularidades y pide al\u00a0Juez D\u00e9cimo Administrativo Oral del Circuito de Cartagena suspender de manera inmediata la construcci\u00f3n del proyecto de vivienda multifamiliar \u2018Aquarela\u2019, ubicado en el barrio Torices de la capital de Bol\u00edvar, con el fin de proteger los derechos e intereses superiores de la Naci\u00f3n. Ennun comunicado, la PGN indic\u00f3 que \u00abComo medida cautelar solicit\u00f3 la suspensi\u00f3n de las resoluciones que otorgaron las licencias de construcci\u00f3n y&#8230; <\/p>\n","protected":false},"author":3,"featured_media":23006,"comment_status":"open","ping_status":"closed","sticky":false,"template":"","format":"standard","meta":{"footnotes":"","_links_to":"","_links_to_target":""},"categories":[2,75],"tags":[],"class_list":["post-23005","post","type-post","status-publish","format-standard","has-post-thumbnail","hentry","category-actualidad","category-destacada"],"_links":{"self":[{"href":"https:\/\/revistazetta.com\/index.php?rest_route=\/wp\/v2\/posts\/23005","targetHints":{"allow":["GET"]}}],"collection":[{"href":"https:\/\/revistazetta.com\/index.php?rest_route=\/wp\/v2\/posts"}],"about":[{"href":"https:\/\/revistazetta.com\/index.php?rest_route=\/wp\/v2\/types\/post"}],"author":[{"embeddable":true,"href":"https:\/\/revistazetta.com\/index.php?rest_route=\/wp\/v2\/users\/3"}],"replies":[{"embeddable":true,"href":"https:\/\/revistazetta.com\/index.php?rest_route=%2Fwp%2Fv2%2Fcomments&post=23005"}],"version-history":[{"count":0,"href":"https:\/\/revistazetta.com\/index.php?rest_route=\/wp\/v2\/posts\/23005\/revisions"}],"wp:featuredmedia":[{"embeddable":true,"href":"https:\/\/revistazetta.com\/index.php?rest_route=\/wp\/v2\/media\/23006"}],"wp:attachment":[{"href":"https:\/\/revistazetta.com\/index.php?rest_route=%2Fwp%2Fv2%2Fmedia&parent=23005"}],"wp:term":[{"taxonomy":"category","embeddable":true,"href":"https:\/\/revistazetta.com\/index.php?rest_route=%2Fwp%2Fv2%2Fcategories&post=23005"},{"taxonomy":"post_tag","embeddable":true,"href":"https:\/\/revistazetta.com\/index.php?rest_route=%2Fwp%2Fv2%2Ftags&post=23005"}],"curies":[{"name":"wp","href":"https:\/\/api.w.org\/{rel}","templated":true}]}}