{"id":23009,"date":"2017-10-26T06:46:39","date_gmt":"2017-10-26T11:46:39","guid":{"rendered":"http:\/\/www.revistazetta.com\/?p=23009"},"modified":"2017-10-26T06:46:39","modified_gmt":"2017-10-26T11:46:39","slug":"primer-encuentro-departamental-personas-talla-baja","status":"publish","type":"post","link":"https:\/\/revistazetta.com\/?p=23009","title":{"rendered":"Primer encuentro departamental de personas de talla baja"},"content":{"rendered":"<p>El 25 de octubre ha sido declarado por la Ley 1856 de 2017 como el D\u00eda Nacional de las personas de talla baja, y en el marco de esta conmemoraci\u00f3n, el gobierno del &#8216;Bol\u00edvar S\u00ed Avanza&#8217; realiz\u00f3 en el municipio de Turbaco el primer Encuentro Departamental de las Personas con Talla Baja con el apoyo de la Asociaci\u00f3n Gaman. El objetivo es propiciar espacios para empoderar a esta poblaci\u00f3n en igualdad, equidad, respeto y defensa de sus derechos, adem\u00e1s, se pretende constituir una gran Red de apoyo para sensibilizar a la sociedad y promover la inclusi\u00f3n social.<\/p>\n<p>Durante el Encuentro, los participantes provenientes de Santa Rosa de Lima, Turbaco, Cartagena, Arroyo Hondo, Turbana, Arjona, entre otros, disfrutaron de actividades l\u00fadico-pedag\u00f3gicas y compartieron con otras personas con la misma condici\u00f3n. \u00abNunca antes se hab\u00eda abordado tanto este asunto a nivel departamental, el gobernador Dumek Turbay ha sido claro en sus instrucciones de generar resultados desde las comunidades y brindarles las herramientas que posibiliten lograr transformaciones de fondo en la sociedad bolivarense\u00bb, manifest\u00f3 Cielo Contreras, referente del componente de discapacidad de la Secretar\u00eda del interior de la Gobernaci\u00f3n de Bol\u00edvar.<\/p>\n<p>Se cont\u00f3 con la presencia del actor y co-presidente de la Confederaci\u00f3n Nacional de las Personas de Talla Baja, Alexis Calvo Sarmiento, quien agradeci\u00f3 el enorme inter\u00e9s del gobierno departamental en el tema y envi\u00f3 un mensaje especial a todos los bolivarenses de aceptar las diferencias y trabajar unidos por romper las barreras que existen en torno a la discapacidad.<\/p>\n<p>Cabe resaltar que, desde la creaci\u00f3n del programa de atenci\u00f3n integral a personas con discapacidad \u201cYo puedo: Bol\u00edvar m\u00e1s incluyente\u201d liderado por la Oficina de Gesti\u00f3n Social, los esfuerzos han aumentado en beneficio de los bolivarenses que tiene alg\u00fan tipo de condici\u00f3n especial. Ma\u00f1ana 26 de octubre se realizar\u00e1 a partir de las 8am en el Centro Administrativo Departamental una feria laboral incluyente donde se ofrecer\u00e1n oportunidades de empleo en diferentes empresas y entidades que han decidido demostrar su compromiso social y vincular a sus procesos productivos a personas con discapacidad.<\/p>\n","protected":false},"excerpt":{"rendered":"<p>El 25 de octubre ha sido declarado por la Ley 1856 de 2017 como el D\u00eda Nacional de las personas de talla baja, y en el marco de esta conmemoraci\u00f3n, el gobierno del &#8216;Bol\u00edvar S\u00ed Avanza&#8217; realiz\u00f3 en el municipio de Turbaco el primer Encuentro Departamental de las Personas con Talla Baja con el apoyo de la Asociaci\u00f3n Gaman. El objetivo es propiciar espacios para empoderar a esta poblaci\u00f3n en igualdad, equidad, respeto y defensa de sus derechos, adem\u00e1s, se pretende constituir una gran Red de apoyo para sensibilizar a&#8230; <\/p>\n","protected":false},"author":3,"featured_media":23010,"comment_status":"open","ping_status":"closed","sticky":false,"template":"","format":"standard","meta":{"footnotes":"","_links_to":"","_links_to_target":""},"categories":[75],"tags":[],"class_list":["post-23009","post","type-post","status-publish","format-standard","has-post-thumbnail","hentry","category-destacada"],"_links":{"self":[{"href":"https:\/\/revistazetta.com\/index.php?rest_route=\/wp\/v2\/posts\/23009","targetHints":{"allow":["GET"]}}],"collection":[{"href":"https:\/\/revistazetta.com\/index.php?rest_route=\/wp\/v2\/posts"}],"about":[{"href":"https:\/\/revistazetta.com\/index.php?rest_route=\/wp\/v2\/types\/post"}],"author":[{"embeddable":true,"href":"https:\/\/revistazetta.com\/index.php?rest_route=\/wp\/v2\/users\/3"}],"replies":[{"embeddable":true,"href":"https:\/\/revistazetta.com\/index.php?rest_route=%2Fwp%2Fv2%2Fcomments&post=23009"}],"version-history":[{"count":0,"href":"https:\/\/revistazetta.com\/index.php?rest_route=\/wp\/v2\/posts\/23009\/revisions"}],"wp:featuredmedia":[{"embeddable":true,"href":"https:\/\/revistazetta.com\/index.php?rest_route=\/wp\/v2\/media\/23010"}],"wp:attachment":[{"href":"https:\/\/revistazetta.com\/index.php?rest_route=%2Fwp%2Fv2%2Fmedia&parent=23009"}],"wp:term":[{"taxonomy":"category","embeddable":true,"href":"https:\/\/revistazetta.com\/index.php?rest_route=%2Fwp%2Fv2%2Fcategories&post=23009"},{"taxonomy":"post_tag","embeddable":true,"href":"https:\/\/revistazetta.com\/index.php?rest_route=%2Fwp%2Fv2%2Ftags&post=23009"}],"curies":[{"name":"wp","href":"https:\/\/api.w.org\/{rel}","templated":true}]}}