{"id":23013,"date":"2017-10-26T06:58:37","date_gmt":"2017-10-26T11:58:37","guid":{"rendered":"http:\/\/www.revistazetta.com\/?p=23013"},"modified":"2017-10-26T06:58:37","modified_gmt":"2017-10-26T11:58:37","slug":"yopuedo-feria-inclusion-laboral-bolivar-incluyente","status":"publish","type":"post","link":"https:\/\/revistazetta.com\/?p=23013","title":{"rendered":"#YoPuedo Feria de Inclusi\u00f3n Laboral Bol\u00edvar + Incluyente"},"content":{"rendered":"<p>Como parte de una gran convocatoria que tendr\u00e1 lugar en el\u00a0sal\u00f3n de La Paz del CAD de Turbaco, sede principal de la Gobernaci\u00f3n de Bol\u00edvar, se llevar\u00e1 a cabo\u00a0este jueves 26 de octubre\u00a0la feria laboral\u00a0<strong><em>Bol\u00edvar+Incluyente: #YoPuedo<\/em><\/strong><em>.\u00a0<\/em>Esta<em>\u00a0<\/em>iniciativa, que ha sido\u00a0<em>\u00a0<\/em>impulsada<em>\u00a0por la administraci\u00f3n del<strong>\u00a0\u2018Bol\u00edvar S\u00ed Avanza\u2019,\u00a0<\/strong><\/em>se constituye en un espacio que promueve la generaci\u00f3n de empleo formal dirigido a la poblaci\u00f3n en condici\u00f3n de discapacidad.<\/p>\n<p><strong>Al apoyo liderado por la Gobernaci\u00f3n de Bol\u00edvar, que\u00a0 dispuso\u00a0 20 vacantes dirigidas a perfiles con t\u00edtulo de bachiller, t\u00e9cnico en \u00e1reas administrativas y afines, con dos a\u00f1os de experiencia;\u00a0<\/strong>\u00a0se han sumado<strong>\u00a0m\u00e1s de 20 empresas que tambi\u00e9n dispondr\u00e1n de m\u00e1s de 40 empleos<\/strong>\u00a0con los que se busca resarcir, en alguna medida, la amplia demanda laboral por parte de la poblaci\u00f3n en condici\u00f3n de discapacidad que reside en el departamento.<\/p>\n<p>Y es que seg\u00fan las proyecciones del DANE, se estima que en Colombia hay m\u00e1s de 2,9 millones de personas con discapacidad, donde el 52,3% est\u00e1 en edad productiva pero solo el 15,5% de ellas se encuentra realizando alg\u00fan tipo de trabajo.<\/p>\n<p><strong>Entre las empresas que han sumado a esta feria laboral se encuentran la Caja de Compensaci\u00f3n Familiar Comfenalco Bol\u00edvar,\u00a0 Comfamiliar, Transarrieros, TransMamonal, AC Desarrollo, Casa Productora, Centro Comercial Paseo de La Castellana, Centro Comercial Los Ejecutivos, Colegio Biling\u00fce Altamar, Hotel Las Am\u00e9ricas, Hambre\u2019S, Actilog\u00edstica, Hotel Cartagena, Joyer\u00eda Impacto, Hotel Capilla del Mar, Fondo de Transporte de Bol\u00edvar, Tecnar, S\u00faper Giros, Restaurante Palo Santo, Sena, y la Univerisidad de San Buenaventura.<\/strong><\/p>\n<p>En el listado de algunas de las vacantes solicitadas por las empresas vinculadas se encuentran, entre otras, las de nutricionistas, auxiliar de cocina, personal para oficios varios,\u00a0 manejo de redes sociales, alba\u00f1il, productor de radio y televisi\u00f3n, editor de videos, entre otros, que los interesados podr\u00e1n conocer de primera mano en los cub\u00edculos de los que dispondr\u00e1 la Gobernaci\u00f3n de Bol\u00edvar y las empresas participantes.<\/p>\n<p>El\u00a0gobernador de Bol\u00edvar, Dumek Turbay Paz, y la gestora social del departamento, Liliana Majana Pupo; a trav\u00e9s de la oficina de Gesti\u00f3n Social Departamental,\u00a0 han hecho un llamado para que esta iniciativa pueda constituirse en la mejor oportunidad para que quienes as\u00ed lo necesitan puedan cambiar sus vidas a trav\u00e9s de un empleo digno.<br \/>\n<em><br \/>\n<strong>\u201cNecesitamos un Bol\u00edvar y una Cartagena sin barreras. Estas personas, llenas de talento y todas las ganas de trabajar, lo que requieren es una primera oportunidad y por eso hemos promovido lo que hemos llamado un Pacto por la Inclusi\u00f3n Laboral\u201d, dijo Turbay.<\/strong><\/em><\/p>\n<p>&nbsp;<\/p>\n<p>El gobernador de Bol\u00edvar, quien ha destacado la importancia de la generaci\u00f3n de empleo como un motor de desarrollo para el departamento, se refiri\u00f3 a los alcances de esta feria laboral dirigida a personas en condici\u00f3n de discapacidad.<\/p>\n<p><strong><em>\u201cLo que hemos querido es generar una conciencia frente a un deber ciudadano: trabajar por quienes m\u00e1s lo necesitan, por esas personas que han hecho un gran esfuerzo a pesar de su discapacidad, su diversidad funcional. Pero la sociedad nuestra no les da opciones, no les da la primera oportunidad. Lo que hemos dicho es que hay una gran cantidad de personas llenas de talento, con las competencias, del conocimiento, que son \u00fatiles para nuestro desarrollo desde lo p\u00fablico, empresarial y privado\u201d, resalt\u00f3 Turbay.<\/em><\/strong><\/p>\n<p>A continuaci\u00f3n, con base en informaci\u00f3n suministrada por las empresas que se han sumado a la feria de inclusi\u00f3n laboral #YoPuedo, se referencia la oferta de vacantes\u00a0 que estar\u00e1n disponible en el Sal\u00f3n de La Paz, en la Gobernaci\u00f3n de Bol\u00edvar,\u00a0este jueves 26 de octubre. Recuerde que podr\u00e1 aclarar cualquier duda durante el desarrollo de la feria laboral.<\/p>\n<p><strong>OFERTA LABORAL PARA PCD FERIA DE INCLUIS\u00d3N LABORAL<\/strong><\/p>\n<table width=\"600\">\n<tbody>\n<tr>\n<td width=\"106\"><strong>\u00a0<\/strong><\/p>\n<p><strong>EMPRESA<\/strong><\/td>\n<td width=\"108\"><strong>NUMERO DE VACANTE<\/strong><\/td>\n<td width=\"126\"><strong>\u00a0<\/strong><\/p>\n<p><strong>CARGO<\/strong><\/td>\n<td width=\"260\"><strong>\u00a0<\/strong><\/p>\n<p><strong>PERFIL<\/strong><\/td>\n<\/tr>\n<tr>\n<td width=\"106\">TransMamonal<\/td>\n<td width=\"108\">1<\/td>\n<td width=\"126\">Auxiliar de bomba o &#8216;bombero&#8217;.<\/td>\n<td width=\"260\">Bachiller acad\u00e9mico con manejo de programas paquete de Office, preferiblemente\u00a0\u00a0de sexo masculino con discapacidad auditiva.<\/td>\n<\/tr>\n<tr>\n<td width=\"106\">&nbsp;<\/p>\n<p>ACDesarrollo<\/td>\n<td width=\"108\">1<\/td>\n<td width=\"126\">&nbsp;<\/p>\n<p>Alba\u00f1il o Servicios Generales<\/td>\n<td width=\"260\">Experiencia en temas de construcci\u00f3n<\/p>\n<p>Oficios Varios<\/p>\n<p>T\u00e9rmino de duraci\u00f3n del proyecto (3 meses)<\/td>\n<\/tr>\n<tr>\n<td width=\"106\">Joyer\u00eda Impacto<\/td>\n<td width=\"108\">1<\/td>\n<td width=\"126\">Armado y pulido de piezas<\/td>\n<td width=\"260\">T\u00e9cnico o tecn\u00f3logo en joyer\u00eda con disponibilidad de tiempo<\/td>\n<\/tr>\n<tr>\n<td width=\"106\">&nbsp;<\/p>\n<p>Hotel Cartagena Centro<\/td>\n<td width=\"108\">&nbsp;<\/p>\n<p>1<\/td>\n<td width=\"126\">&nbsp;<\/p>\n<p>Manejo de redes sociales<\/td>\n<td width=\"260\">Bachiller<\/p>\n<p>Destreza en el manejo de redes sociales (Instagram, Facebook y twiter) y pagina web.<\/td>\n<\/tr>\n<tr>\n<td width=\"106\">Gobernaci\u00f3n de Bol\u00edvar<\/td>\n<td width=\"108\">20<\/td>\n<td width=\"126\">De acuerdo con las necesidades de la Gobernaci\u00f3n<\/td>\n<td width=\"260\">Bachiller<\/p>\n<p>T\u00e9cnico en \u00e1rea administrativas y afines, con 2 a\u00f1os de experiencia.<\/td>\n<\/tr>\n<tr>\n<td rowspan=\"2\" width=\"106\">&nbsp;<\/p>\n<p>Hambre&#8217;S<\/td>\n<td width=\"108\">&nbsp;<\/p>\n<p>1<\/td>\n<td width=\"126\">&nbsp;<\/p>\n<p>Nutricionista<\/td>\n<td width=\"260\">Profesional en nutrici\u00f3n para asistencia en servicios de alimentaci\u00f3n saludable, acompa\u00f1amiento a campa\u00f1as de mejora de salud, presentaci\u00f3n de indicadores de nutrici\u00f3n.<\/td>\n<\/tr>\n<tr>\n<td width=\"108\">1<\/td>\n<td width=\"126\">Auxiliar de cocina<\/td>\n<td width=\"260\">T\u00e9cnico en auxiliar de cocina con experiencia de 1 a\u00f1o.<\/td>\n<\/tr>\n<tr>\n<td width=\"106\">Transarrieros<\/td>\n<td width=\"108\">1<\/td>\n<td width=\"126\">Conductor<\/td>\n<td width=\"260\">Bachiller con licencia C2, sin comparendo, con curso de manejo defensivo y conocimiento en mec\u00e1nica b\u00e1sica.<\/td>\n<\/tr>\n<tr>\n<td rowspan=\"2\" width=\"106\">&nbsp;<\/p>\n<p>&nbsp;<\/p>\n<p>Casa productora<\/td>\n<td rowspan=\"2\" width=\"108\">&nbsp;<\/p>\n<p>&nbsp;<\/p>\n<p>&nbsp;<\/p>\n<p>1<\/td>\n<td width=\"126\">&nbsp;<\/p>\n<p>Editor de videos<\/td>\n<td width=\"260\">Productor de radio y televisi\u00f3n. Con experiencia de 1 a\u00f1o. Con diploma de productor de radio y televisi\u00f3n.<\/p>\n<p>&nbsp;<\/td>\n<\/tr>\n<tr>\n<td width=\"126\">&nbsp;<\/p>\n<p>&nbsp;<\/p>\n<p>Composici\u00f3n digital<\/td>\n<td width=\"260\">Productor de radio y televisi\u00f3n<\/p>\n<p>Realizador de audiovisual y multimedia<\/p>\n<p>Manejo de animaci\u00f3n 2D y 3D<\/p>\n<p>&nbsp;<\/td>\n<\/tr>\n<tr>\n<td width=\"106\">Centro comercial Los Ejecutivos<\/td>\n<td width=\"108\">1<\/td>\n<td width=\"126\">Vigilante<\/td>\n<td width=\"260\">Bachiller con 6 meses de experiencia para desarrollar una permanente.<\/td>\n<\/tr>\n<tr>\n<td width=\"106\">Colegio Biling\u00fce Altamar<\/td>\n<td width=\"108\">1<\/td>\n<td width=\"126\"><\/td>\n<td width=\"260\"><\/td>\n<\/tr>\n<tr>\n<td width=\"106\">S\u00faper Giros<\/td>\n<td width=\"108\">1<\/td>\n<td width=\"126\">Asesor comercial<\/td>\n<td width=\"260\">Bachiller t\u00e9cnico o tecn\u00f3logo con \u00e9nfasis en el \u00e1rea comercial. Experiencia m\u00ednima de 6 meses.<\/td>\n<\/tr>\n<tr>\n<td width=\"106\">Palo Santo<\/td>\n<td width=\"108\">2<\/td>\n<td width=\"126\">Hostess<\/td>\n<td width=\"260\">Tecn\u00f3logo en mesa y bar con manejo b\u00e1sico de ingl\u00e9s y conocimiento en protocolo y etiqueta.<\/td>\n<\/tr>\n<tr>\n<td width=\"106\">Fondo de Transporte Bol\u00edvar<\/p>\n<p>&nbsp;<\/td>\n<td width=\"108\">&nbsp;<\/p>\n<p>2<\/td>\n<td width=\"126\">&nbsp;<\/p>\n<p>Asistente de cobranza<\/td>\n<td width=\"260\">T\u00e9cnico en \u00e1rea de cobranza o publicidad para apoyar la gesti\u00f3n de la recuperaci\u00f3n de la carrera morosa<\/td>\n<\/tr>\n<tr>\n<td rowspan=\"2\" width=\"106\">Actilog\u00edstica<\/td>\n<td width=\"108\">1<\/td>\n<td width=\"126\">Alba\u00f1il<\/td>\n<td width=\"260\">Bachiller con conocimientos en alba\u00f1iler\u00eda y amplia experiencia en el \u00e1rea de pintura, resanes y estuco.<\/td>\n<\/tr>\n<tr>\n<td width=\"108\">1<\/td>\n<td width=\"126\">Auxiliar de jardiner\u00eda<\/td>\n<td width=\"260\">T\u00e9cnico en jardiner\u00eda y florister\u00eda con experiencia m\u00ednima de un a\u00f1o<\/td>\n<\/tr>\n<tr>\n<td width=\"106\">Hotel Capilla del Mar<\/td>\n<td width=\"108\">1<\/td>\n<td width=\"126\"><\/td>\n<td width=\"260\"><\/td>\n<\/tr>\n<tr>\n<td width=\"106\">Tecnar<\/td>\n<td width=\"108\">1<\/td>\n<td width=\"126\">Asistente administrativo<\/td>\n<td width=\"260\">Tecn\u00f3logo con conocimientos b\u00e1sicos en paquete de Office y tareas relacionadas<\/td>\n<\/tr>\n<tr>\n<td width=\"106\">Universidad San Buenaventura<\/td>\n<td width=\"108\">1<\/td>\n<td width=\"126\"><\/td>\n<td width=\"260\"><\/td>\n<\/tr>\n<\/tbody>\n<\/table>\n<p>&nbsp;<\/p>\n<p>Requisitos para tener en cuenta al momento de presentar la hoja de vida:<\/p>\n<ol>\n<li>Foto para hoja de vida (3&#215;4)<\/li>\n<li>Informaci\u00f3n personal<\/li>\n<li>Formaci\u00f3n (Anexar certificados )<\/li>\n<li>Experiencia (Anexar certificados)<\/li>\n<li>Copia de c\u00e9dula de ciudadan\u00eda<\/li>\n<li>Certificado de la discapacidad si lo posee.<\/li>\n<\/ol>\n","protected":false},"excerpt":{"rendered":"<p>Como parte de una gran convocatoria que tendr\u00e1 lugar en el\u00a0sal\u00f3n de La Paz del CAD de Turbaco, sede principal de la Gobernaci\u00f3n de Bol\u00edvar, se llevar\u00e1 a cabo\u00a0este jueves 26 de octubre\u00a0la feria laboral\u00a0Bol\u00edvar+Incluyente: #YoPuedo.\u00a0Esta\u00a0iniciativa, que ha sido\u00a0\u00a0impulsada\u00a0por la administraci\u00f3n del\u00a0\u2018Bol\u00edvar S\u00ed Avanza\u2019,\u00a0se constituye en un espacio que promueve la generaci\u00f3n de empleo formal dirigido a la poblaci\u00f3n en condici\u00f3n de discapacidad. Al apoyo liderado por la Gobernaci\u00f3n de Bol\u00edvar, que\u00a0 dispuso\u00a0 20 vacantes dirigidas a perfiles con t\u00edtulo de bachiller, t\u00e9cnico en \u00e1reas administrativas y afines, con dos&#8230; <\/p>\n","protected":false},"author":3,"featured_media":23014,"comment_status":"open","ping_status":"closed","sticky":false,"template":"","format":"standard","meta":{"footnotes":"","_links_to":"","_links_to_target":""},"categories":[80],"tags":[],"class_list":["post-23013","post","type-post","status-publish","format-standard","has-post-thumbnail","hentry","category-region"],"_links":{"self":[{"href":"https:\/\/revistazetta.com\/index.php?rest_route=\/wp\/v2\/posts\/23013","targetHints":{"allow":["GET"]}}],"collection":[{"href":"https:\/\/revistazetta.com\/index.php?rest_route=\/wp\/v2\/posts"}],"about":[{"href":"https:\/\/revistazetta.com\/index.php?rest_route=\/wp\/v2\/types\/post"}],"author":[{"embeddable":true,"href":"https:\/\/revistazetta.com\/index.php?rest_route=\/wp\/v2\/users\/3"}],"replies":[{"embeddable":true,"href":"https:\/\/revistazetta.com\/index.php?rest_route=%2Fwp%2Fv2%2Fcomments&post=23013"}],"version-history":[{"count":0,"href":"https:\/\/revistazetta.com\/index.php?rest_route=\/wp\/v2\/posts\/23013\/revisions"}],"wp:featuredmedia":[{"embeddable":true,"href":"https:\/\/revistazetta.com\/index.php?rest_route=\/wp\/v2\/media\/23014"}],"wp:attachment":[{"href":"https:\/\/revistazetta.com\/index.php?rest_route=%2Fwp%2Fv2%2Fmedia&parent=23013"}],"wp:term":[{"taxonomy":"category","embeddable":true,"href":"https:\/\/revistazetta.com\/index.php?rest_route=%2Fwp%2Fv2%2Fcategories&post=23013"},{"taxonomy":"post_tag","embeddable":true,"href":"https:\/\/revistazetta.com\/index.php?rest_route=%2Fwp%2Fv2%2Ftags&post=23013"}],"curies":[{"name":"wp","href":"https:\/\/api.w.org\/{rel}","templated":true}]}}