{"id":23017,"date":"2017-10-26T07:55:21","date_gmt":"2017-10-26T12:55:21","guid":{"rendered":"http:\/\/www.revistazetta.com\/?p=23017"},"modified":"2017-10-26T08:00:42","modified_gmt":"2017-10-26T13:00:42","slug":"orbita-politica-john-zamora-jueves-26-octubre","status":"publish","type":"post","link":"https:\/\/revistazetta.com\/?p=23017","title":{"rendered":"\u00d3rbita Pol\u00edtica de John Zamora \u2013 jueves 26 de octubre"},"content":{"rendered":"<p><strong>\u00bfQu\u00e9 pas\u00f3 con la China?<\/strong><\/p>\n<p>Despu\u00e9s de obtener 380 mil votos para la Gobernaci\u00f3n de Bol\u00edvar; despu\u00e9s de estar casi un a\u00f1o encargada de la Alcald\u00eda Local Uno; y si le sumamos su din\u00e1mica inagotable de gesti\u00f3n, se pens\u00f3 que Yolanda Wong ser\u00eda confirmada en el cargo, por encima de los otros ternados Enrique Charris y Carlos Mieles. \u00bfQu\u00e9 pas\u00f3? \u00bfQu\u00e9 fue lo que no le gust\u00f3 al alcalde Londo\u00f1o? \u00a0Tal vez lo que inclin\u00f3 la balanza en su contra fue precisamente el haber estado encargada de la Alcald\u00eda Local. Vaya usted a saber. Lo que si es cierto es que el seleccionado fue Mieles, a quien el alcalde re-encargado Johny Ordosgoitia Osorio, mediante Decreto 1392, nombr\u00f3 de la terna postulada por los ediles de la Localidad 1, para reemplazar al \u201cKike\u201d Jaramillo, quien renunci\u00f3 al cargo hace unos meses para aspirar a la C\u00e1mara. A prop\u00f3sito, desde entonces nada se sabe de su paradero pol\u00edtico.<\/p>\n<p>Por su parte, Mieles es abogado de la Corporaci\u00f3n Universitaria Rafael N\u00fa\u00f1ez, especialista en Gesti\u00f3n de Entidades Territoriales y Derecho Administrativo, de la Universidad Externado de Colombia, Especialista en Derecho Administrativo de la Universidad Libre, Sede Cartagena. Vot\u00f3 por Quinto Guerra para la Alcald\u00eda y no pro Manolo, a diferencia de la \u201cChina\u201d.<\/p>\n<p>&nbsp;<\/p>\n<p><strong>Portazos a las mujeres<\/strong><\/p>\n<p>Las cosas se parecen al due\u00f1o. Si el due\u00f1o es atarb\u00e1n, as\u00ed se reflejar\u00e1 en sus huestes. Tal sucede en el partido Liberal con las Mujeres, que les toca soportar los portazos que les dan a sus posiciones pol\u00edticas. Bien es sabido que C\u00e9sar Gaviria, con el paso de los a\u00f1os, se ha vuelto cada vez m\u00e1s ura\u00f1o, d\u00e9spota y odioso, y eso lo corrobora con la manera en que trat\u00f3 a dos valerosas mujeres liberales: Viviane Morales y Sof\u00eda Gaviria, a quienes les cerr\u00f3 todos los caminos para buscar una candidatura presidencial. El machismo se impuso y solo cuatro se\u00f1ores se disputan la nominaci\u00f3n. Morales y Gaviria deben revisarse sus tabiques nasales pues estos portazos dejan sus huellas\u2026 y eso que es el partido Liberal, el de las ideas liberales\u2026 pero de pr\u00e1cticas cerradas.<\/p>\n<p>&nbsp;<\/p>\n<p><strong>Quiz\u00e1s, quiz\u00e1s, quiz\u00e1s\u2026<\/strong><\/p>\n<p>El Movimiento Primero la Gente sigue pasando de agache y no se anima a presentar la terna para desginar al reemplazo temporal del suspendido alcalde Manolo Duque.<\/p>\n<p>La sistem\u00e1tica postergaci\u00f3n ha generado incredulidad en cada anuncio, pues cada dos semanas sueltan la versi\u00f3n que van a presentar los tres nombres, y nada. Como el bolero\u2026 \u201ctu siempre me respondes de este modo: quiz\u00e1s, quiz\u00e1s, quiz\u00e1s\u2026\u201d<\/p>\n<p>\u00bfEs que nadie acepta? \u00bfNadie tiene un perfil \u201cindevolvible? \u00bfPor alg\u00fan motivo prefieren perpeturar a Sergio Londo\u00f1o? \u00bfTienen otras prioridades?&#8230; los interrogantes siguen, y as\u00ed los respondan, es tal la desconfianza que ser\u00e1 muy dif\u00edcil creerles\u2026<\/p>\n","protected":false},"excerpt":{"rendered":"<p>\u00bfQu\u00e9 pas\u00f3 con la China? Despu\u00e9s de obtener 380 mil votos para la Gobernaci\u00f3n de Bol\u00edvar; despu\u00e9s de estar casi un a\u00f1o encargada de la Alcald\u00eda Local Uno; y si le sumamos su din\u00e1mica inagotable de gesti\u00f3n, se pens\u00f3 que Yolanda Wong ser\u00eda confirmada en el cargo, por encima de los otros ternados Enrique Charris y Carlos Mieles. \u00bfQu\u00e9 pas\u00f3? \u00bfQu\u00e9 fue lo que no le gust\u00f3 al alcalde Londo\u00f1o? \u00a0Tal vez lo que inclin\u00f3 la balanza en su contra fue precisamente el haber estado encargada de la Alcald\u00eda Local&#8230;. <\/p>\n","protected":false},"author":3,"featured_media":23018,"comment_status":"open","ping_status":"closed","sticky":false,"template":"","format":"standard","meta":{"footnotes":"","_links_to":"","_links_to_target":""},"categories":[75,47,44,45],"tags":[],"class_list":["post-23017","post","type-post","status-publish","format-standard","has-post-thumbnail","hentry","category-destacada","category-john-zamora","category-materiagris","category-orbita"],"_links":{"self":[{"href":"https:\/\/revistazetta.com\/index.php?rest_route=\/wp\/v2\/posts\/23017","targetHints":{"allow":["GET"]}}],"collection":[{"href":"https:\/\/revistazetta.com\/index.php?rest_route=\/wp\/v2\/posts"}],"about":[{"href":"https:\/\/revistazetta.com\/index.php?rest_route=\/wp\/v2\/types\/post"}],"author":[{"embeddable":true,"href":"https:\/\/revistazetta.com\/index.php?rest_route=\/wp\/v2\/users\/3"}],"replies":[{"embeddable":true,"href":"https:\/\/revistazetta.com\/index.php?rest_route=%2Fwp%2Fv2%2Fcomments&post=23017"}],"version-history":[{"count":0,"href":"https:\/\/revistazetta.com\/index.php?rest_route=\/wp\/v2\/posts\/23017\/revisions"}],"wp:featuredmedia":[{"embeddable":true,"href":"https:\/\/revistazetta.com\/index.php?rest_route=\/wp\/v2\/media\/23018"}],"wp:attachment":[{"href":"https:\/\/revistazetta.com\/index.php?rest_route=%2Fwp%2Fv2%2Fmedia&parent=23017"}],"wp:term":[{"taxonomy":"category","embeddable":true,"href":"https:\/\/revistazetta.com\/index.php?rest_route=%2Fwp%2Fv2%2Fcategories&post=23017"},{"taxonomy":"post_tag","embeddable":true,"href":"https:\/\/revistazetta.com\/index.php?rest_route=%2Fwp%2Fv2%2Ftags&post=23017"}],"curies":[{"name":"wp","href":"https:\/\/api.w.org\/{rel}","templated":true}]}}