{"id":23023,"date":"2017-10-27T08:56:50","date_gmt":"2017-10-27T13:56:50","guid":{"rendered":"http:\/\/www.revistazetta.com\/?p=23023"},"modified":"2017-10-27T08:56:50","modified_gmt":"2017-10-27T13:56:50","slug":"contraloria-general-ordena-control-excepcional-concesion-vial","status":"publish","type":"post","link":"https:\/\/revistazetta.com\/?p=23023","title":{"rendered":"Contralor\u00eda General ordena control excepcional a Concesi\u00f3n Vial"},"content":{"rendered":"<p>La desconfianza que genera la Contralor\u00eda Distrital qued\u00f3 evidenciada con la decisi\u00f3n de la Contralor\u00eda General de la Rep\u00fablica de efectuar un control excepcional a las cuentas de la Concesi\u00f3n Vial, que administra el peaje de Manga.<\/p>\n<p>El contralor Edgardo Maya Villaz\u00f3n admiti\u00f3 la solicitud que en ese sentido hizo el presidente de la Veedur\u00eda Ciudadana Control Visible, Jair Baleta Iriarte, \u201csobre las cuentas y recursos p\u00fablicos manejados dentro del Contrato de Concesi\u00f3n N\u00ba VAL-0868804 \u2013 Corredor de Acceso R\u00e1pido a la Variante de Cartagena y sus respetivos otros\u00edes, para la vigencia del 2013 al 2016\u201d.<\/p>\n<p>En la decisi\u00f3n el contralor le ordena a la Contralor\u00eda Distrital que se abstenga de seguir conociendo lo relacionado con los temas admitidos para control excepcional, a la vez que comisi\u00f3n a la Gerencia Departamental de la CGR para llevar en adelante el proceso.<\/p>\n<p>Uno de los detonantes de la decisi\u00f3n del contralor fue el contenido del debate en el Concejo de Cartagena, citado por los concejales Am\u00e9rico Mendoza y Edgar Mendoza, donde el gerente de la Concesi\u00f3n Vial de Cartagena, Ren\u00e9 Osorio, denunci\u00f3 el presunto cobro de d\u00e1divas por valor de $250 millones por parte de auditores delegados de la Contralor\u00eda Distrital a efectos de cambiar el informe de auditor\u00eda, asunto que es investigado por la Fiscal\u00eda General de la Naci\u00f3n.<\/p>\n<p>Este es el auto:<\/p>\n<p><a href=\"https:\/\/issuu.com\/revistazetta\/docs\/control_excepcional_concesi__n_vial\" target=\"_blank\" rel=\"noopener\">https:\/\/issuu.com\/revistazetta\/docs\/control_excepcional_concesi__n_vial<\/a><\/p>\n<p>&nbsp;<\/p>\n<p>&nbsp;<\/p>\n","protected":false},"excerpt":{"rendered":"<p>La desconfianza que genera la Contralor\u00eda Distrital qued\u00f3 evidenciada con la decisi\u00f3n de la Contralor\u00eda General de la Rep\u00fablica de efectuar un control excepcional a las cuentas de la Concesi\u00f3n Vial, que administra el peaje de Manga. El contralor Edgardo Maya Villaz\u00f3n admiti\u00f3 la solicitud que en ese sentido hizo el presidente de la Veedur\u00eda Ciudadana Control Visible, Jair Baleta Iriarte, \u201csobre las cuentas y recursos p\u00fablicos manejados dentro del Contrato de Concesi\u00f3n N\u00ba VAL-0868804 \u2013 Corredor de Acceso R\u00e1pido a la Variante de Cartagena y sus respetivos otros\u00edes, para&#8230; <\/p>\n","protected":false},"author":3,"featured_media":23001,"comment_status":"open","ping_status":"closed","sticky":false,"template":"","format":"standard","meta":{"footnotes":"","_links_to":"","_links_to_target":""},"categories":[4,75],"tags":[],"class_list":["post-23023","post","type-post","status-publish","format-standard","has-post-thumbnail","hentry","category-politica","category-destacada"],"_links":{"self":[{"href":"https:\/\/revistazetta.com\/index.php?rest_route=\/wp\/v2\/posts\/23023","targetHints":{"allow":["GET"]}}],"collection":[{"href":"https:\/\/revistazetta.com\/index.php?rest_route=\/wp\/v2\/posts"}],"about":[{"href":"https:\/\/revistazetta.com\/index.php?rest_route=\/wp\/v2\/types\/post"}],"author":[{"embeddable":true,"href":"https:\/\/revistazetta.com\/index.php?rest_route=\/wp\/v2\/users\/3"}],"replies":[{"embeddable":true,"href":"https:\/\/revistazetta.com\/index.php?rest_route=%2Fwp%2Fv2%2Fcomments&post=23023"}],"version-history":[{"count":0,"href":"https:\/\/revistazetta.com\/index.php?rest_route=\/wp\/v2\/posts\/23023\/revisions"}],"wp:featuredmedia":[{"embeddable":true,"href":"https:\/\/revistazetta.com\/index.php?rest_route=\/wp\/v2\/media\/23001"}],"wp:attachment":[{"href":"https:\/\/revistazetta.com\/index.php?rest_route=%2Fwp%2Fv2%2Fmedia&parent=23023"}],"wp:term":[{"taxonomy":"category","embeddable":true,"href":"https:\/\/revistazetta.com\/index.php?rest_route=%2Fwp%2Fv2%2Fcategories&post=23023"},{"taxonomy":"post_tag","embeddable":true,"href":"https:\/\/revistazetta.com\/index.php?rest_route=%2Fwp%2Fv2%2Ftags&post=23023"}],"curies":[{"name":"wp","href":"https:\/\/api.w.org\/{rel}","templated":true}]}}