{"id":23031,"date":"2017-10-30T06:45:28","date_gmt":"2017-10-30T11:45:28","guid":{"rendered":"http:\/\/www.revistazetta.com\/?p=23031"},"modified":"2017-10-30T07:00:12","modified_gmt":"2017-10-30T12:00:12","slug":"concejo-pide-al-distrito-fundacion-virgilio-barco-expliquen-proyecto-urbanistico-terrenos-la-base-naval","status":"publish","type":"post","link":"https:\/\/revistazetta.com\/?p=23031","title":{"rendered":"Concejo pide al Distrito y a Fundaci\u00f3n Virgilio Barco expliquen proyecto urban\u00edstico en terrenos de la Base Naval"},"content":{"rendered":"<p>Despu\u00e9s de presentar un video donde se explican los alcances del ambicioso proyecto que se ejecutar\u00e1 en los predios donde hoy est\u00e1 la Base Naval, el concejal, Vicente Blel, present\u00f3 una proposici\u00f3n para invitar a Claudia Duque, directora de la Fundaci\u00f3n Virgilio Barco, encargada del mismo, y a los funcionarios distritales para que expliquen en detalle \u00a0a la corporaci\u00f3n c\u00f3mo \u00a0y en qu\u00e9 tiempo se ejecutar\u00e1.<\/p>\n<p>\u201cEs claro que no han tenido en cuenta a los concejales y por eso es la invitaci\u00f3n. El se\u00f1or Presidente de Colombia no tuvo la generosidad de invitarnos a la presentaci\u00f3n que recientemente se hizo. Este es un proyecto que cuesta alrededor de 2.500 millones de d\u00f3lares y habr\u00e1 hoteles para 2,4 millones de turistas, el 45% del terreno ser\u00e1n espacios verdes para los cartageneros, se construir\u00e1n torres de apartamentos, marinas y centros de convenciones. Por esas razones, el Concejo necesita conocer el alcance del mismo. El proyecto, de acuerdo al video promocional, ser\u00e1 financiado por la empresa privada.\u00a0 El Concejo tambi\u00e9n necesita saber qu\u00e9 pasar\u00e1 con la Base Naval, para d\u00f3nde ser\u00e1 el traslado de la misma\u201d, dijo Blel.<\/p>\n<p>Seguidamente intervino el concejal Javier Curi para advertir que apoyaba la proposici\u00f3n de Vicente Blel y recalcar que: \u201cLamentablemente nos encontramos en una condici\u00f3n sub judice, y parece que ya hemos sido juzgados. Por eso es que ya no nos tienen que cuenta. Como no nos invitaron, ser\u00eda bueno \u00a0conocer sobre ese proyecto. Pido al Distrito que se tengan en cuenta a la Cartagena pobre y se logre la redistribuci\u00f3n de la riqueza haciendo una compensaci\u00f3n, invirtiendo en los sectores populares\u201d.<\/p>\n<p>A su turno, el presidente del Concejo, Lewis Montero, \u00a0precis\u00f3 que parece que el Presidente Santos \u00a0est\u00e1 desesperado con firmar ese convenio. \u201cAqu\u00ed hay desarrollo, pero tambi\u00e9n intereses y negocios. Se habla del traslado de la Base Naval, pero\u00a0\u00a0\u00a0\u00a0\u00a0\u00a0\u00a0\u00a0 nadie sabe para d\u00f3nde se va. Dicen que para Tierrabomba, pero es un proyecto. Los cartageneros no saben para donde se va. No nos invitaron siquiera para escuchar.\u00a0 Los concejales no sabemos nada sobre el proyecto, \u00bfser\u00e1 que los congresistas saben algo?\u00a0 Este es un tema importante y el Concejo no puede estar de espaldas al mismo\u201d.<\/p>\n<p>Por su parte, el concejal, Am\u00e9rico Mendoza, intervino diciendo: \u201cQuiero llamar la atenci\u00f3n por algo que se ha vuelto reiterativo en el Concejo porque algunos funcionarios no asisten a las citaciones. Debemos requerir a la administraci\u00f3n para que nos explique lo qu\u00e9 se va a hacer en ese terreno donde hoy est\u00e1 la Base Naval porque parece que el traslado es inminente. Debemos mirar hacia algunos elementos. Por ejemplo, \u00a0el Plan de Ordenamiento Territorial no lo vamos a aprobar as\u00ed por as\u00ed. Merece un estudio serio. Y por eso es que debemos estar atentos a que este proyecto cumpla con las normas. Debemos estar atentos a la enajenaci\u00f3n y que el proyecto est\u00e9 acorde a nuestro patrimonio. Si bien podemos invitar a la fundaci\u00f3n Virgilio Barco, es importante que vengan los funcionarios del Distrito\u201d, dijo.<\/p>\n<p>De igual forma, la concejal Duvinia Torres, indic\u00f3 que \u00a0la bancada de La U apoya la proposici\u00f3n presentada por Blel. \u201cSantos es mi presidente, pero sus acciones dicen otra cosa. Hago un llamado a la ciudad porque la Base Naval es un patrimonio de Cartagena y no podemos permitir que se la lleven. Este es el escenario propicio para conocer el proyecto. Debemos saber cu\u00e1ntas marinas van a construir all\u00ed. Hacemos el llamado al Gobierno nacional que no desconozca la Constituci\u00f3n y las leyes. Tenemos una condici\u00f3n como funcionarios p\u00fablicos nos sometemos a investigaciones, pero no nos han condenado, y estamos en ejercicio\u201d.<\/p>\n<p>El concejal David Caballero apunt\u00f3 que son varios los negocios que existen con la ejecuci\u00f3n de ese proyecto, uno de ellos el traslado de la Base Naval, lo que van a construir y la comisi\u00f3n sobre la venta. \u201cYo quisiera que este tema se tratara otro d\u00eda cuando hayan periodistas y veedores para que se enteren de lo que se pretende hacer\u201d, dijo.<\/p>\n<p>El concejal, Javier Curi, indic\u00f3 que en el a\u00f1o 1943 se hizo el primer plan regulador de la ciudad y all\u00ed qued\u00f3 contemplado que en Cartagena estar\u00eda la sede de la Base Naval, y eso hay que tenerlo en cuenta.<\/p>\n<p>El concejal C\u00e9sar Pi\u00f3n expuso que lo mejor es que el Concejo conozca el proyecto y despu\u00e9s se definir\u00e1 el rol que asumir\u00e1. \u201cHay que hacer un gran an\u00e1lisis porque esta obra debe estar acorde al Plan de Manejo y Protecci\u00f3n del Centro Hist\u00f3rico (PEMP), al POT y a las dem\u00e1s normas.<\/p>\n<p><strong>Sobre el Centro Administrativo Distrital<\/strong><\/p>\n<p>Por otro lado, el concejal Rafael Meza advirti\u00f3 que el Alcalde (e) de Cartagena\u00a0 dijo en un medio que no era prioritario invertir en la construcci\u00f3n del Centro Administrativo Distrital. \u201cEs una mala noticia por eso propongo que se invite a la Directora de Apoyo Log\u00edstico de la Alcald\u00eda para que explique cu\u00e1nto paga el Distrito en arriendos\u201d.<\/p>\n<p><strong>Rechazo a comportamiento de turista<\/strong><\/p>\n<p>El concejal William P\u00e9rez dej\u00f3 una constancia sobre el mal comportamiento de un turista, al parecer extranjero, que se subi\u00f3 desnudo a la estatua del maestro Botero que est\u00e1 en la plaza de Santodomingo y las fotos andan en las redes. \u201cHago un llamado a las autoridades que tomen medidas y se busque a este se\u00f1or turista. Rechazo esta serie de actos que afectan\u00a0 la imagen de la dudad\u201d, dijo<\/p>\n<p>&nbsp;<\/p>\n<p>&nbsp;<\/p>\n<p>&nbsp;<\/p>\n<p>&nbsp;<\/p>\n<p><strong>Sigue problema con Salvavidas<\/strong><\/p>\n<p>&nbsp;<\/p>\n<p>El concejal Javier Curi pidi\u00f3 al presidente del Concejo declarar la sesi\u00f3n informal para permitir la participaci\u00f3n de Laura Cantillo, apoderada jur\u00eddica de los salvavidas, para exponer que la problem\u00e1tica con la contrataci\u00f3n de estas personas contin\u00faa. \u201cEste Concejo est\u00e1 dispuesto a apoyar a los salvavidas, necesarios para brindar seguridad a los ba\u00f1istas\u201d, dijo.-<\/p>\n<p>&nbsp;<\/p>\n<p>\u201cA los salvavidas se les va a contratar por dos millones de pesos por Ordenes de Prestaci\u00f3n de Servicios. Pero el tema lo maneja una persona sin experiencia\u201d, recalc\u00f3 Cantillo.<\/p>\n<p>Por su parte, Javid Olivares supervisor de los salvavidas, manifest\u00f3 que se sienten atropellados e impotentes porque hay un listado que hizo la Defensa Civil y han sacado a gente con 16 a\u00f1os de experiencia. \u201cEn estos momentos hay 15 personas que prestan servicios sin experiencia porque son voluntarios. Hay 25 salvavidas\u00a0 desesperados porque no tienen empleo. No hay seguridad en las playas\u201d, expres\u00f3.<\/p>\n<p>&nbsp;<\/p>\n<p>El presidente del Concejo, Lewis Montero, indic\u00f3 que este tema amerita la realizaci\u00f3n de un debate. \u201cEsto amerita un debate para que este tema no quede en el aire. Debemos citar al Secretario General, Secretario del Interior, Bomberos y Distriseguridad para conocer qu\u00e9 es lo que ocurre. Si ma\u00f1ana hay un muerto en las playas, dicen que el concejo no hizo nada\u201d.<\/p>\n<p>&nbsp;<\/p>\n<p>Javier Curi\u00a0precis\u00f3 que est\u00e1 \u00a0ad portas de presentar una moci\u00f3n de\u00a0 censura al director del Cuerpo de Bomberos por la forma como se maneja el tema de los salvavidas.<\/p>\n","protected":false},"excerpt":{"rendered":"<p>Despu\u00e9s de presentar un video donde se explican los alcances del ambicioso proyecto que se ejecutar\u00e1 en los predios donde hoy est\u00e1 la Base Naval, el concejal, Vicente Blel, present\u00f3 una proposici\u00f3n para invitar a Claudia Duque, directora de la Fundaci\u00f3n Virgilio Barco, encargada del mismo, y a los funcionarios distritales para que expliquen en detalle \u00a0a la corporaci\u00f3n c\u00f3mo \u00a0y en qu\u00e9 tiempo se ejecutar\u00e1. \u201cEs claro que no han tenido en cuenta a los concejales y por eso es la invitaci\u00f3n. El se\u00f1or Presidente de Colombia no tuvo&#8230; <\/p>\n","protected":false},"author":3,"featured_media":23034,"comment_status":"open","ping_status":"closed","sticky":false,"template":"","format":"standard","meta":{"footnotes":"","_links_to":"","_links_to_target":""},"categories":[4,27,75],"tags":[],"class_list":["post-23031","post","type-post","status-publish","format-standard","has-post-thumbnail","hentry","category-politica","category-politicaconcejo","category-destacada"],"_links":{"self":[{"href":"https:\/\/revistazetta.com\/index.php?rest_route=\/wp\/v2\/posts\/23031","targetHints":{"allow":["GET"]}}],"collection":[{"href":"https:\/\/revistazetta.com\/index.php?rest_route=\/wp\/v2\/posts"}],"about":[{"href":"https:\/\/revistazetta.com\/index.php?rest_route=\/wp\/v2\/types\/post"}],"author":[{"embeddable":true,"href":"https:\/\/revistazetta.com\/index.php?rest_route=\/wp\/v2\/users\/3"}],"replies":[{"embeddable":true,"href":"https:\/\/revistazetta.com\/index.php?rest_route=%2Fwp%2Fv2%2Fcomments&post=23031"}],"version-history":[{"count":0,"href":"https:\/\/revistazetta.com\/index.php?rest_route=\/wp\/v2\/posts\/23031\/revisions"}],"wp:featuredmedia":[{"embeddable":true,"href":"https:\/\/revistazetta.com\/index.php?rest_route=\/wp\/v2\/media\/23034"}],"wp:attachment":[{"href":"https:\/\/revistazetta.com\/index.php?rest_route=%2Fwp%2Fv2%2Fmedia&parent=23031"}],"wp:term":[{"taxonomy":"category","embeddable":true,"href":"https:\/\/revistazetta.com\/index.php?rest_route=%2Fwp%2Fv2%2Fcategories&post=23031"},{"taxonomy":"post_tag","embeddable":true,"href":"https:\/\/revistazetta.com\/index.php?rest_route=%2Fwp%2Fv2%2Ftags&post=23031"}],"curies":[{"name":"wp","href":"https:\/\/api.w.org\/{rel}","templated":true}]}}