{"id":23112,"date":"2017-11-03T07:10:33","date_gmt":"2017-11-03T12:10:33","guid":{"rendered":"http:\/\/www.revistazetta.com\/?p=23112"},"modified":"2017-11-03T07:10:53","modified_gmt":"2017-11-03T12:10:53","slug":"parque-la-troncal-seguira-siendo-la-comunidad","status":"publish","type":"post","link":"https:\/\/revistazetta.com\/?p=23112","title":{"rendered":"El parque de la Troncal es y seguir\u00e1 siendo de la comunidad"},"content":{"rendered":"<p>El parque de la comunidad del barrio La Troncal es y seguir\u00e1 siendo de esta comunidad, gracias a la decisi\u00f3n que tom\u00f3 la Superintendencia de Notariado y Registro al determinar que qued\u00f3 sin efecto el documento de posesi\u00f3n del predio por parte de un particular.<\/p>\n<p>El alcalde Sergio Londo\u00f1o Zurek, al conocer a decisi\u00f3n tomada por la Supernotariado expres\u00f3 su complacencia y agradeci\u00f3 a los habitantes del barrio La Troncal y a los cartageneros que apoyaron esta lucha que se dio para lograr que este espacio de recreaci\u00f3n y deporte siga siendo de esta comunidad.<\/p>\n<p>El mandatario dio las gracias a los funcionarios de la Alcald\u00eda que trabajaron fuertemente por este logro. \u201cNos propusimos trabajar juntos por este parque y lo sacamos adelante\u201d, expres\u00f3.<\/p>\n<p>Resalt\u00f3 el trabajo conjunto entre la comunidad y la administraci\u00f3n y como muestra de ello el parque sigue siendo de la comunidad \u201cgracias a una intervenci\u00f3n r\u00e1pida de la comunidad y a una acci\u00f3n coordinada con la autoridad local y el gobierno nacional. Esto permiti\u00f3 que logr\u00e1ramos que este caso no pasara a mayores. Adem\u00e1s, que este predio, que era e la comunidad le siguiera perteneciendo\u201d, dijo Londo\u00f1o Zurek.<\/p>\n<p>A\u00f1adi\u00f3 que esta actuaci\u00f3n dej\u00f3 un claro mensaje, y es \u201cque cuando los cartageneros trabajan unidos, nada les queda grande\u201d.<\/p>\n<p>Invit\u00f3 a que \u201ctodos sigamos trabajando por Cartagena, con autoridad, orden, transparencia y austeridad para sacar adelante a nuestra ciudad, que tanto lo necesita\u201d.<\/p>\n<p>Por su parte, Milton Pereira, asesor jur\u00eddico de la Alcald\u00eda, se\u00f1al\u00f3 que la Superintendencia de Notariado y Registro orden\u00f3 unificar los folios de matr\u00edcula 06034231 y 06047001, es decir que la Supernotariado le dio la raz\u00f3n al Distrito, ya que al momento de hacer la segregaci\u00f3n de los folios, esto correspond\u00edan como zonas verdes que fueron cedidas a la administraci\u00f3n. Lo que se hizo fue cancelar estos folios como si fueran bienes privados e hicieron la afectaci\u00f3n como zonas verdes a favor del Distrito\u201d.<\/p>\n<p>Adem\u00e1s, explic\u00f3 el funcionario, se orden\u00f3 en el art\u00edculo segundo de la Resoluci\u00f3n 163 del 26 de octubre de 2017, la cancelaci\u00f3n de las anotaciones de la 11 a la 14 del folio 06034231, que consist\u00edan en el remate, la inscripci\u00f3n del proceso ejecutivo, la adjudicaci\u00f3n del bien inmueble a favor de un particular.<\/p>\n<p>Indic\u00f3 que esta resoluci\u00f3n es susceptible de recurso de reposici\u00f3n y apelaci\u00f3n, pero a hay una actuaci\u00f3n administrativa a favor del Distrito y de la comunidad.<\/p>\n<p>Adem\u00e1s, la Oficina Jur\u00eddica del Distrito hab\u00eda presentado una denuncia ante la Fiscal\u00eda por este caso.<\/p>\n","protected":false},"excerpt":{"rendered":"<p>El parque de la comunidad del barrio La Troncal es y seguir\u00e1 siendo de esta comunidad, gracias a la decisi\u00f3n que tom\u00f3 la Superintendencia de Notariado y Registro al determinar que qued\u00f3 sin efecto el documento de posesi\u00f3n del predio por parte de un particular. El alcalde Sergio Londo\u00f1o Zurek, al conocer a decisi\u00f3n tomada por la Supernotariado expres\u00f3 su complacencia y agradeci\u00f3 a los habitantes del barrio La Troncal y a los cartageneros que apoyaron esta lucha que se dio para lograr que este espacio de recreaci\u00f3n y deporte&#8230; <\/p>\n","protected":false},"author":3,"featured_media":23113,"comment_status":"open","ping_status":"closed","sticky":false,"template":"","format":"standard","meta":{"footnotes":"","_links_to":"","_links_to_target":""},"categories":[32,86,75],"tags":[],"class_list":["post-23112","post","type-post","status-publish","format-standard","has-post-thumbnail","hentry","category-actualidad-distrito","category-comunidad","category-destacada"],"_links":{"self":[{"href":"https:\/\/revistazetta.com\/index.php?rest_route=\/wp\/v2\/posts\/23112","targetHints":{"allow":["GET"]}}],"collection":[{"href":"https:\/\/revistazetta.com\/index.php?rest_route=\/wp\/v2\/posts"}],"about":[{"href":"https:\/\/revistazetta.com\/index.php?rest_route=\/wp\/v2\/types\/post"}],"author":[{"embeddable":true,"href":"https:\/\/revistazetta.com\/index.php?rest_route=\/wp\/v2\/users\/3"}],"replies":[{"embeddable":true,"href":"https:\/\/revistazetta.com\/index.php?rest_route=%2Fwp%2Fv2%2Fcomments&post=23112"}],"version-history":[{"count":0,"href":"https:\/\/revistazetta.com\/index.php?rest_route=\/wp\/v2\/posts\/23112\/revisions"}],"wp:featuredmedia":[{"embeddable":true,"href":"https:\/\/revistazetta.com\/index.php?rest_route=\/wp\/v2\/media\/23113"}],"wp:attachment":[{"href":"https:\/\/revistazetta.com\/index.php?rest_route=%2Fwp%2Fv2%2Fmedia&parent=23112"}],"wp:term":[{"taxonomy":"category","embeddable":true,"href":"https:\/\/revistazetta.com\/index.php?rest_route=%2Fwp%2Fv2%2Fcategories&post=23112"},{"taxonomy":"post_tag","embeddable":true,"href":"https:\/\/revistazetta.com\/index.php?rest_route=%2Fwp%2Fv2%2Ftags&post=23112"}],"curies":[{"name":"wp","href":"https:\/\/api.w.org\/{rel}","templated":true}]}}