{"id":23114,"date":"2017-11-03T08:30:34","date_gmt":"2017-11-03T13:30:34","guid":{"rendered":"http:\/\/www.revistazetta.com\/?p=23114"},"modified":"2017-11-03T08:30:34","modified_gmt":"2017-11-03T13:30:34","slug":"orbita-politica-john-zamora-viernes-3-noviembre","status":"publish","type":"post","link":"https:\/\/revistazetta.com\/?p=23114","title":{"rendered":"\u00d3rbita Pol\u00edtica de John Zamora \u2013 viernes 3 noviembre"},"content":{"rendered":"<p><strong>Dos planetas y un cometa<\/strong><\/p>\n<p>Ya hemos dicho que el eje Fajardo-Robledo-L\u00f3pez, que supuestamente tendr\u00e1 a uno de ellos como candidato presidencial, tambi\u00e9n quiere reproducir el modelo en Cartagena para las at\u00edpicas que debe convocar el gobierno nacional ante la renuncia del alcalde Manolo.<\/p>\n<p>El ala Fajardo est\u00e1 representada por Claudia Fadul; el ala Robledo por David M\u00fanera\u2026 y hasta ah\u00ed todo bien\u2026 dos personas reconocidas por la ciudad\u2026 pero el ala Claudia L\u00f3pez no tiene mayor presencia en la ciudad\u2026 la senadora solo viene por aqu\u00ed a pantallear como cuando quiso abrogarse la revocatoria de Manolo\u2026 y todos se preguntan: si el partido Verde en su historia reciente ha tenido solo dos concejales (una a la que le neg\u00f3 el aval y otra que actualmente est\u00e1 detenida), \u00bfa qui\u00e9n podr\u00eda tener para la Alcald\u00eda?<\/p>\n<p>Pues la respuesta est\u00e1 en la astronom\u00eda. Si Fadul y M\u00fanera se comparan con planetas estables, con sus propias \u00f3rbitas, el candidato de Claudia L\u00f3pez es un verdadero cometa: el publicista Edwin Salcedo\u2026 Veamos: tuvo una agencia de publicidad en Cartagena, luego se fue y apareci\u00f3 como asesor de la embajada gringa para asuntos afro, luego regres\u00f3 para aspirar a Senado, luego se fue para ser activista de derechos humanos y de comunidades afro, y ahora regresa bajo la falda de L\u00f3pez a ser candidato a la Alcald\u00eda\u2026 \u00bfY qu\u00e9 dicen en el partido Verde? \u00bfNo tienen m\u00e1s?<\/p>\n<p>As\u00ed las cosas, esta terna es de dos: M\u00fanera y Fadul, en ese orden.<\/p>\n<p>Este s\u00e1bado se sabr\u00e1 la decisi\u00f3n del partido Verde y el mi\u00e9rcoles 18 de noviembre se presentar\u00e1 oficialmente la propuesta pol\u00edtica y a los tres candidatos de la coalici\u00f3n.<\/p>\n<p>&nbsp;<\/p>\n<p><strong>Teor\u00eda del amarre<\/strong><\/p>\n<p>El alcalde encargado Sergio Londo\u00f1o est\u00e1 atendiendo asuntos propios de su cargo de director de la Agencia Presidencial de Cooperaci\u00f3n en Europa, pero no pierde el hilo conductor de la ciudad. As\u00ed, envi\u00f3 un video para hablar de la decisi\u00f3n que confirma que el parque de la Troncal es de la comunidad y no de un particular. Y por otro lado, dio instrucciones para precipitar la renuncia de funcionarios de libre nombramiento y remoci\u00f3n.<\/p>\n<p>All\u00ed surge la teor\u00eda del amarre: que Londo\u00f1o quiere amarrar un bloque de funcionarios que no podr\u00edan ser removidos por cuenta de la ley de garant\u00edas, y que el alcalde electo en las at\u00edpicas tendr\u00eda que hacerse a esa idea.<\/p>\n<p>Si y no. De todas formas deber\u00e1 ser as\u00ed, porque los tiempos de la ley de garant\u00edas son claros y vienen de tiempo atr\u00e1s, mientras que las at\u00edpicas solo se precipitaron con la renuncia de Manolo. Pero, \u00a1qu\u00e9 coincidencia!&#8230; el revolc\u00f3n del gabinete sucede justo despu\u00e9s de conocerse su dimisi\u00f3n\u2026<\/p>\n<p>Ya hablaremos con Londo\u00f1o, que est\u00e1 montado en un avi\u00f3n de regreso.<\/p>\n<p>&nbsp;<\/p>\n<p><strong>Justo a los 12 a\u00f1os<\/strong><\/p>\n<p>Lo que son las cosas: el d\u00eda en que deber\u00eda cumplir 12 a\u00f1os en el cargo, es cuando le corresponde entregar el cargo de Secretaria General de Transcaribe a la abogada y comunicadora Tania D\u00edaz Sabbag, que es de libre nombramiento y remoci\u00f3n.<\/p>\n<p>A la funcionaria no le sorprendi\u00f3 su salida pues permaneci\u00f3 en el cargo sin respaldo pol\u00edtico alguno. Le dieron cinco d\u00edas h\u00e1biles para entregar el cargo, pero ya ella ten\u00eda unos d\u00edas de vacaciones autorizados, as\u00ed que haciendo cuentas deber\u00e1 entregar el cargo el 15 de noviembre, justo la fecha que 12 a\u00f1os atr\u00e1s asumi\u00f3 como Secretaria de Transcaribe.<\/p>\n<p>&nbsp;<\/p>\n<p>&nbsp;<\/p>\n<p>&nbsp;<\/p>\n","protected":false},"excerpt":{"rendered":"<p>Dos planetas y un cometa Ya hemos dicho que el eje Fajardo-Robledo-L\u00f3pez, que supuestamente tendr\u00e1 a uno de ellos como candidato presidencial, tambi\u00e9n quiere reproducir el modelo en Cartagena para las at\u00edpicas que debe convocar el gobierno nacional ante la renuncia del alcalde Manolo. El ala Fajardo est\u00e1 representada por Claudia Fadul; el ala Robledo por David M\u00fanera\u2026 y hasta ah\u00ed todo bien\u2026 dos personas reconocidas por la ciudad\u2026 pero el ala Claudia L\u00f3pez no tiene mayor presencia en la ciudad\u2026 la senadora solo viene por aqu\u00ed a pantallear como&#8230; <\/p>\n","protected":false},"author":3,"featured_media":23115,"comment_status":"open","ping_status":"closed","sticky":false,"template":"","format":"standard","meta":{"footnotes":"","_links_to":"","_links_to_target":""},"categories":[75,47,44,45],"tags":[],"class_list":["post-23114","post","type-post","status-publish","format-standard","has-post-thumbnail","hentry","category-destacada","category-john-zamora","category-materiagris","category-orbita"],"_links":{"self":[{"href":"https:\/\/revistazetta.com\/index.php?rest_route=\/wp\/v2\/posts\/23114","targetHints":{"allow":["GET"]}}],"collection":[{"href":"https:\/\/revistazetta.com\/index.php?rest_route=\/wp\/v2\/posts"}],"about":[{"href":"https:\/\/revistazetta.com\/index.php?rest_route=\/wp\/v2\/types\/post"}],"author":[{"embeddable":true,"href":"https:\/\/revistazetta.com\/index.php?rest_route=\/wp\/v2\/users\/3"}],"replies":[{"embeddable":true,"href":"https:\/\/revistazetta.com\/index.php?rest_route=%2Fwp%2Fv2%2Fcomments&post=23114"}],"version-history":[{"count":0,"href":"https:\/\/revistazetta.com\/index.php?rest_route=\/wp\/v2\/posts\/23114\/revisions"}],"wp:featuredmedia":[{"embeddable":true,"href":"https:\/\/revistazetta.com\/index.php?rest_route=\/wp\/v2\/media\/23115"}],"wp:attachment":[{"href":"https:\/\/revistazetta.com\/index.php?rest_route=%2Fwp%2Fv2%2Fmedia&parent=23114"}],"wp:term":[{"taxonomy":"category","embeddable":true,"href":"https:\/\/revistazetta.com\/index.php?rest_route=%2Fwp%2Fv2%2Fcategories&post=23114"},{"taxonomy":"post_tag","embeddable":true,"href":"https:\/\/revistazetta.com\/index.php?rest_route=%2Fwp%2Fv2%2Ftags&post=23114"}],"curies":[{"name":"wp","href":"https:\/\/api.w.org\/{rel}","templated":true}]}}